{"id":6541,"date":"2011-04-27T17:15:56","date_gmt":"2011-04-27T15:15:56","guid":{"rendered":"http:\/\/www.stanetdam.com\/?p=6541"},"modified":"2011-04-27T17:15:56","modified_gmt":"2011-04-27T15:15:56","slug":"une-smartcover-minioten-bois-a-votre-ipad-2","status":"publish","type":"post","link":"https:\/\/stanetdam.com\/?p=6541","title":{"rendered":"Offrez une smartcover en bois \u00e0 votre iPad 2"},"content":{"rendered":"<p>C&rsquo;est beau, \u00e9cologique, fabriqu\u00e9 en Hollande, patin\u00e9 \u00e0 la main, gravable, classe : <a href=\"https:\/\/www.miniot.com\/webshop\/?portlet=miniot&#038;page=miniotcover&#038;state=normal\">la smartcover en bois de chez Miniot<\/a> !<\/p>\n<p>Disponible en plusieurs coloris, elle permet de faire tenir l&rsquo;iPad en plein de positions (portrait, paysage, frappe) et r\u00e9veille l&rsquo;iPad quand on soul\u00e8ve le clapet (comme une smartcover classique).<\/p>\n<p>Bref, un must pour les Geeks que nous sommes.<\/p>\n<p>Attention, <a href=\"www.charles-liebert.fr\/\">Charles Liebert<\/a> nous glisse \u00e0 l&rsquo;oreille que le sien est command\u00e9 depuis 1 mois, et arrive seulement lundi prochain&#8230; \u00ab\u00a0Il y a quasi 1 mois d&rsquo;attente pour le  recevoir, ils ont \u00e9t\u00e9 completement d\u00e9pass\u00e9 la demande, et ne sont pas  capables d&rsquo;atteindre un D\u00e9lai de 15 jours, avant le mois de juin\u00a0\u00bb.<\/p>\n<p>Vous voici pr\u00e9venu \ud83d\ude42<\/p>\n<p><a href=\"https:\/\/www.miniot.com\/webshop\/?portlet=miniot&#038;page=miniotcover&#038;state=normal\"><img loading=\"lazy\" decoding=\"async\" class=\"aligncenter\" title=\"Miniot Cover\" src=\"https:\/\/www.miniot.com\/webshop\/\/portal\/templates\/miniot\/images\/miniotcoverpics\/Miniot-Cover_01.jpg\" alt=\"\" width=\"682\" height=\"317\" \/><\/a><\/p>\n<p>PS : article \u00e9crit en retard mais comme Dandies en a sorti un on ne pouvait pas faire autrement \ud83d\ude09<\/p>\n<div id=\"themify_builder_content-6541\" data-postid=\"6541\" class=\"themify_builder_content themify_builder_content-6541 themify_builder\">\n    <\/div>\n<!-- \/themify_builder_content -->\n","protected":false},"excerpt":{"rendered":"<p>C&rsquo;est beau, \u00e9cologique, fabriqu\u00e9 en Hollande, patin\u00e9 \u00e0 la main, gravable, classe : la smartcover en bois de chez Miniot ! Disponible en plusieurs coloris, elle permet de faire tenir l&rsquo;iPad en plein de positions (portrait, paysage, frappe) et r\u00e9veille l&rsquo;iPad quand on soul\u00e8ve le clapet (comme une smartcover classique). Bref, un must pour les [&hellip;]<\/p>\n","protected":false},"author":3,"featured_media":0,"comment_status":"open","ping_status":"open","sticky":false,"template":"","format":"standard","meta":{"footnotes":""},"categories":[9],"tags":[256,1890,2483,3495],"class_list":["post-6541","post","type-post","status-publish","format-standard","hentry","category-sd-techlounge","tag-apple","tag-ipad-2","tag-miniot","tag-smartcover","has-post-title","has-post-date","has-post-category","has-post-tag","has-post-comment","has-post-author",""],"builder_content":"","_links":{"self":[{"href":"https:\/\/stanetdam.com\/index.php?rest_route=\/wp\/v2\/posts\/6541","targetHints":{"allow":["GET"]}}],"collection":[{"href":"https:\/\/stanetdam.com\/index.php?rest_route=\/wp\/v2\/posts"}],"about":[{"href":"https:\/\/stanetdam.com\/index.php?rest_route=\/wp\/v2\/types\/post"}],"author":[{"embeddable":true,"href":"https:\/\/stanetdam.com\/index.php?rest_route=\/wp\/v2\/users\/3"}],"replies":[{"embeddable":true,"href":"https:\/\/stanetdam.com\/index.php?rest_route=%2Fwp%2Fv2%2Fcomments&post=6541"}],"version-history":[{"count":0,"href":"https:\/\/stanetdam.com\/index.php?rest_route=\/wp\/v2\/posts\/6541\/revisions"}],"wp:attachment":[{"href":"https:\/\/stanetdam.com\/index.php?rest_route=%2Fwp%2Fv2%2Fmedia&parent=6541"}],"wp:term":[{"taxonomy":"category","embeddable":true,"href":"https:\/\/stanetdam.com\/index.php?rest_route=%2Fwp%2Fv2%2Fcategories&post=6541"},{"taxonomy":"post_tag","embeddable":true,"href":"https:\/\/stanetdam.com\/index.php?rest_route=%2Fwp%2Fv2%2Ftags&post=6541"}],"curies":[{"name":"wp","href":"https:\/\/api.w.org\/{rel}","templated":true}]}}