{"id":6529,"date":"2011-04-28T10:00:11","date_gmt":"2011-04-28T08:00:11","guid":{"rendered":"http:\/\/www.stanetdam.com\/?p=6529"},"modified":"2011-04-28T10:00:11","modified_gmt":"2011-04-28T08:00:11","slug":"les-nomines-des-gerard-de-la-politique-sont","status":"publish","type":"post","link":"https:\/\/stanetdam.com\/?p=6529","title":{"rendered":"Les nomin\u00e9s des G\u00e9rard de la Politique sont&#8230;"},"content":{"rendered":"<p style=\"text-align: center;\"><img loading=\"lazy\" decoding=\"async\" class=\"aligncenter\" title=\"Les G\u00e9rard de la Politique\" src=\"http:\/\/img.over-blog.com\/550x388\/1\/59\/49\/25\/Autres-chaines-TV\/Paris-Premiere\/Les-gerard-de-la-politique.jpg\" alt=\"\" width=\"549\" height=\"388\" \/><\/p>\n<p>Voici les 10 premi\u00e8res cat\u00e9gories qui ont filtr\u00e9. Il en reste 13, et <strong>Fred Royer<\/strong>, <strong>St\u00e9phane Rose<\/strong> et     <strong>Arnaud Demanche<\/strong> nous promettent du lourd, du tr\u00e8s tr\u00e8s lourd. Premi\u00e8re tendance de la c\u00e9r\u00e9monie.<\/p>\n<p><strong>G\u00e9rard de la \u00ab petite phrase \u00bb qui les suivra jusqu\u2019\u00e0 la tombe<\/strong><br \/>\n&#8211; Jacques Chirac : \u00ab Si vous ajoutez \u00e0 \u00e7a le bruit et l\u2019odeur, le travailleur fran\u00e7ais, il devient fou \u00bb<br \/>\n&#8211; S\u00e9gol\u00e8ne Royal : \u00ab Qui va sur la muraille de Chine conquiert la bravitude \u00bb<br \/>\n&#8211; Rachida Dati : \u00ab Quand je vois certains qui demandent des taux de rentabilit\u00e9 \u00e0 20, 25% avec une fellation quasi-nulle     \u00bb<br \/>\n&#8211; Nicolas Sarkozy : \u00ab Casse toi pauv\u2019con \u00bb<br \/>\n&#8211; Val\u00e9ry Giscard d\u2019Estaing : \u00ab Au revoir \u00bb<\/p>\n<p>&nbsp;<\/p>\n<p><strong>G\u00e9rard du mec de gauche qui a trim\u00e9 vingt ans pour se constituer un capital sympathie qu\u2019il a niqu\u00e9     en vingt secondes en acceptant de bosser avec Sarkozy<\/strong>&#8230;<br \/>\n&#8211; Bernard Kouchner<br \/>\n&#8211; Martin Hirsch<br \/>\n&#8211; Fadela Amara<br \/>\n&#8211; Jack Lang<br \/>\n&#8211; Michel Rocard<\/p>\n<p>&nbsp;<\/p>\n<p><strong>G\u00e9rard du charisme<\/strong><br \/>\n&#8211; Herv\u00e9 Morin<br \/>\n&#8211; Fran\u00e7ois Bayrou<br \/>\n&#8211; Fran\u00e7ois Hollande<br \/>\n&#8211; Fran\u00e7ois Fillon<br \/>\n&#8211; Harlem D\u00e9sir<\/p>\n<p>&nbsp;<\/p>\n<p><strong>G\u00e9rard de l\u2019id\u00e9e de programme griffonn\u00e9e sur un coin de nappe en papier avec cinq pastis, un     cassoulet, une bouteille de C\u00f4tes du Rh\u00f4ne et deux calvas derri\u00e8re la cravate, et allez zou !<\/strong><br \/>\n&#8211; \u00ab On va revenir au franc \u00bb Nicolas Dupont-Aignan<br \/>\n&#8211; \u00ab On aura tous une allocation \u00e0 la naissance, le revenu universel \u00bb C\u00e9cile Duflot<br \/>\n&#8211; \u00ab On va mettre fin \u00e0 la criminalit\u00e9 \u00bb Nicolas Sarkozy<br \/>\n&#8211; \u00ab On va renvoyer les immigr\u00e9s chez eux \u00bb Marine Le Pen<br \/>\n&#8211; \u00ab On va aller \u00e0 la p\u00eache et \u00e0 la chasse \u00bb Fr\u00e9d\u00e9ric Nihous<\/p>\n<p>&nbsp;<\/p>\n<p><strong>G\u00e9rard de la personnalit\u00e9 politique g\u00e9ographiquement contrari\u00e9e<\/strong><br \/>\n&#8211; Manuel Valls, \u00e0 droite de la droite de la gauche<br \/>\n&#8211; Jean-Louis Borloo, \u00e0 droite de la gauche du centre-droit<br \/>\n&#8211; Eric Besson, \u00e0 l\u2019extr\u00eame droite de la droite, venu de gauche<br \/>\n&#8211; Jean-Luc M\u00e9lenchon, \u00e0 l&rsquo;extr\u00eame-droite de l&rsquo;extr\u00eame-gauche<br \/>\n&#8211; Fran\u00e7ois Bayrou, perch\u00e9 au beau milieu de nulle part<\/p>\n<p>&nbsp;<\/p>\n<p><strong>G\u00e9rard  du politique \u00e0 qui la Vierge Marie est apparue pour lui dire : \u00ab Prend  ton clairon, sonne     l\u2019olifant, pense \u00e0 Clovis, pense \u00e0 Jeanne d\u2019Arc, pense au grand  Charles, pense \u00e0 Tonton, l\u00e8ve-toi et guide ton peuple vers un nouvel \u00e2ge  d\u2019or r\u00e9publicain, pr\u00e9sente-toi \u00e0 la grande \u00e9lection. \u00bb     Depuis, il a une Mission, il a une Destin\u00e9e, son \u00e9p\u00e9e est de feu,  son bouclier d&rsquo;argent, sa chevelure parfum\u00e9e flotte aux quatre vents  sacr\u00e9s&#8230; et il va se manger un vieux 0,4% dans la     face<\/strong><br \/>\n&#8211; Dominique de Villepin<br \/>\n&#8211; Herv\u00e9 Morin<br \/>\n&#8211; Fran\u00e7ois Bayrou<br \/>\n&#8211; Nicolas Dupont-Aignan<br \/>\n&#8211; Jacques Cheminade<br \/>\n&#8211; S\u00e9gol\u00e8ne Royal<\/p>\n<p>&nbsp;<\/p>\n<p><strong>G\u00e9rard du simplet dont on fr\u00e9mit \u00e0 la pens\u00e9e qu&rsquo;il ait des responsabilit\u00e9s, vu qu&rsquo;il a m\u00eame pas l\u2019air     assez intelligent pour peindre des coquillages dans un centre d\u2019aide par le travail<\/strong><br \/>\n&#8211; Fr\u00e9d\u00e9ric Lef\u00e8bvre&#8230; Ehhhhh oui c&rsquo;est lui qui lit \u00ab\u00a0du Zadig et Voltaire\u00a0\u00bb<br \/>\n&#8211; Christian Estrosi<br \/>\n&#8211; Nadine Morano qui confond Renaud et Renault<br \/>\n&#8211; Benjamin Lancar, c&rsquo;est lui le lipdub de l&rsquo;UMP<br \/>\n&#8211; Maxime Gremetz, on l&rsquo;avait dit il faut bien<br \/>\n&#8211; S\u00e9gol\u00e8ne Royal<\/p>\n<p>&nbsp;<\/p>\n<p><strong>G\u00e9rard du vieux machin fabriqu\u00e9 sous Mitterrand qui n&rsquo;a plus aucune chance de rien mais qui     s&rsquo;accroche quand m\u00eame, au lieu d\u2019aller p\u00eacher la crevette avec Jospin sur l&rsquo;Ile de R\u00e9<\/strong><br \/>\n&#8211; Laurent Fabius<br \/>\n&#8211; Jack Lang<br \/>\n&#8211; Jean-Pierre Chev\u00e8nement<br \/>\n&#8211; Henri Emmanuelli<br \/>\n&#8211; Bernard Kouchner<\/p>\n<p><strong><br \/>\nG\u00e9rard de l\u2019homme politique 2011<\/strong><br \/>\n&#8211; Fr\u00e9d\u00e9ric Lef\u00e8bvre<br \/>\n&#8211; Jean-Fran\u00e7ois Cop\u00e9<br \/>\n&#8211; Claude Gu\u00e9ant<br \/>\n&#8211; No\u00ebl Mam\u00e8re<br \/>\n&#8211; Bernard Kouchner<br \/>\n&#8211; Arnaud Montebourg<br \/>\n&#8211; Jean-Luc M\u00e9lenchon<\/p>\n<p>&nbsp;<\/p>\n<p><strong>G\u00e9rard de la femme politique 2011<\/strong><br \/>\n&#8211; S\u00e9gol\u00e8ne Royal<br \/>\n&#8211; Nadine Morano<br \/>\n&#8211; Roselyne Bachelot<br \/>\n&#8211; Eva Joly<br \/>\n&#8211; Rama Yade<br \/>\n&#8211; Michelle Alliot-Marie<br \/>\n&#8211; C\u00e9cile Duflot<\/p>\n<div id=\"themify_builder_content-6529\" data-postid=\"6529\" class=\"themify_builder_content themify_builder_content-6529 themify_builder\">\n    <\/div>\n<!-- \/themify_builder_content -->\n","protected":false},"excerpt":{"rendered":"<p>Voici les 10 premi\u00e8res cat\u00e9gories qui ont filtr\u00e9. Il en reste 13, et Fred Royer, St\u00e9phane Rose et Arnaud Demanche nous promettent du lourd, du tr\u00e8s tr\u00e8s lourd. Premi\u00e8re tendance de la c\u00e9r\u00e9monie. G\u00e9rard de la \u00ab petite phrase \u00bb qui les suivra jusqu\u2019\u00e0 la tombe &#8211; Jacques Chirac : \u00ab Si vous ajoutez \u00e0 [&hellip;]<\/p>\n","protected":false},"author":3,"featured_media":0,"comment_status":"open","ping_status":"open","sticky":false,"template":"","format":"standard","meta":{"footnotes":""},"categories":[2],"tags":[2172,2173],"class_list":["post-6529","post","type-post","status-publish","format-standard","hentry","category-loisiretportnawak","tag-les-gerard","tag-les-gerard-de-la-politique","has-post-title","has-post-date","has-post-category","has-post-tag","has-post-comment","has-post-author",""],"builder_content":"","_links":{"self":[{"href":"https:\/\/stanetdam.com\/index.php?rest_route=\/wp\/v2\/posts\/6529","targetHints":{"allow":["GET"]}}],"collection":[{"href":"https:\/\/stanetdam.com\/index.php?rest_route=\/wp\/v2\/posts"}],"about":[{"href":"https:\/\/stanetdam.com\/index.php?rest_route=\/wp\/v2\/types\/post"}],"author":[{"embeddable":true,"href":"https:\/\/stanetdam.com\/index.php?rest_route=\/wp\/v2\/users\/3"}],"replies":[{"embeddable":true,"href":"https:\/\/stanetdam.com\/index.php?rest_route=%2Fwp%2Fv2%2Fcomments&post=6529"}],"version-history":[{"count":0,"href":"https:\/\/stanetdam.com\/index.php?rest_route=\/wp\/v2\/posts\/6529\/revisions"}],"wp:attachment":[{"href":"https:\/\/stanetdam.com\/index.php?rest_route=%2Fwp%2Fv2%2Fmedia&parent=6529"}],"wp:term":[{"taxonomy":"category","embeddable":true,"href":"https:\/\/stanetdam.com\/index.php?rest_route=%2Fwp%2Fv2%2Fcategories&post=6529"},{"taxonomy":"post_tag","embeddable":true,"href":"https:\/\/stanetdam.com\/index.php?rest_route=%2Fwp%2Fv2%2Ftags&post=6529"}],"curies":[{"name":"wp","href":"https:\/\/api.w.org\/{rel}","templated":true}]}}