{"id":6527,"date":"2011-04-26T10:26:47","date_gmt":"2011-04-26T08:26:47","guid":{"rendered":"http:\/\/www.stanetdam.com\/?p=6527"},"modified":"2011-04-26T10:26:47","modified_gmt":"2011-04-26T08:26:47","slug":"les-gerard-de-la-politique-1er-tour-le-10-mai-2011","status":"publish","type":"post","link":"https:\/\/stanetdam.com\/?p=6527","title":{"rendered":"Les G\u00e9rard de la Politique, 1er tour le 10 mai 2011"},"content":{"rendered":"<p><img loading=\"lazy\" decoding=\"async\" class=\"aligncenter\" title=\"Les G\u00e9rard de la Politique\" src=\"http:\/\/img.over-blog.com\/550x388\/1\/59\/49\/25\/Autres-chaines-TV\/Paris-Premiere\/Les-gerard-de-la-politique.jpg\" alt=\"\" width=\"549\" height=\"388\" \/><\/p>\n<p>Les premiers \u00abG\u00e9rard de la Politique\u00bb, prix destin\u00e9s \u00e0 r\u00e9compenser  \u00able pire de la politique\u00bb, seront d\u00e9cern\u00e9s le 10 mai sur Paris Premi\u00e8re,  ont annonc\u00e9 les organisateurs, <a href=\"http:\/\/www.20minutes.fr\/article\/634659\/media-gerard-television-parpaings-honneur-eric-zemmour-william-leymergie-faustine-bollaert\" target=\"_blank\" rel=\"noopener noreferrer\">cr\u00e9ateurs des \u00abG\u00e9rard de la T\u00e9l\u00e9vision\u00bb <\/a>et <a href=\"http:\/\/www.20minutes.fr\/article\/674071\/cinema-gerard-cinema-l-immortel-plus-mauvais-film-annee\" target=\"_blank\" rel=\"noopener noreferrer\">des \u00abG\u00e9rard du Cin\u00e9ma\u00bb dans la m\u00eame veine potache.<\/a><\/p>\n<p>\u00abA l&rsquo;occasion des 30 ans de la victoire de Fran\u00e7ois Mitterrand et des  quatre ann\u00e9es de pr\u00e9sidence de Nicolas Sarkozy\u00bb, Les G\u00e9rard ont d\u00e9cid\u00e9  d&rsquo;innover avec des prix politiques. Les troph\u00e9es seront des parpaings  dor\u00e9s qui distingueront \u00ables plus fins hommes politiques \u00e0 l&rsquo;occasion  d&rsquo;une c\u00e9r\u00e9monie politiquement incorrecte\u00bb.<\/p>\n<h3>L\u2019\u00abau revoir\u00bb de VGE<\/h3>\n<p><a href=\"http:\/\/www.20minutes.fr\/article\/214954\/France-Nicolas-Sarkozy-a-un-badaud-Casse-toi.php\" target=\"_blank\" rel=\"noopener noreferrer\">Avec \u00abCasse-toi, pauv&rsquo;con!\u00bb<\/a>, <a href=\"http:\/\/www.20minutes.fr\/thematique\/nicolas_sarkozy\">Nicolas Sarkozy<\/a> est en lice pour le \u00abG\u00e9rard de la petite phrase qui les suivra jusqu&rsquo;\u00e0  la tombe\u00bb. Le pr\u00e9sident de la R\u00e9publique est oppos\u00e9 dans cette cat\u00e9gorie  \u00e0 <a href=\"http:\/\/www.20minutes.fr\/thematique\/jacques_chirac\">Jacques Chirac<\/a>, S\u00e9gol\u00e8ne Royal, <a href=\"http:\/\/www.20minutes.fr\/thematique\/rachida_dati\">Rachida Dati<\/a> et Val\u00e9ry Giscard d&rsquo;Estaing (pour \u00abAu revoir!\u00bb).<\/p>\n<p>Pour le troph\u00e9e du \u00abG\u00e9rard du mec de gauche qui a trim\u00e9 vingt ans  pour se constituer un capital sympathie qu&rsquo;il a niqu\u00e9 en vingt secondes  en acceptant de bosser avec Sarkozy\u00bb, sont nomm\u00e9s <a href=\"http:\/\/www.20minutes.fr\/thematique\/bernard_kouchner\">Bernard Kouchner<\/a>, Martin Hirsch, Fadela Amara, Jack Lang et <a href=\"http:\/\/www.20minutes.fr\/thematique\/michel_rocard\">Michel Rocard<\/a>.<\/p>\n<p>Pour leur part, <a href=\"http:\/\/www.20minutes.fr\/thematique\/manuel_valls\">Manuel Valls<\/a>, <a href=\"http:\/\/www.20minutes.fr\/thematique\/jean-louis_borloo\">Jean-Louis Borloo<\/a>, <a href=\"http:\/\/www.20minutes.fr\/thematique\/eric_besson\">Eric Besson<\/a>, <a href=\"http:\/\/www.20minutes.fr\/thematique\/jean-luc_melenchon\">Jean-Luc M\u00e9lenchon<\/a> et <a href=\"http:\/\/www.20minutes.fr\/thematique\/francois_bayrou\">Fran\u00e7ois Bayrou<\/a> sont en lice pour le \u00abG\u00e9rard de la personnalit\u00e9 politique g\u00e9ographiquement contrari\u00e9e\u00bb.<\/p>\n<h3>Eric Naulleau et Philippe Bouvard dans le jury<\/h3>\n<p>Parmi les autres troph\u00e9es annonc\u00e9s, le \u00abG\u00e9rard du politique \u00e0 qui la  Vierge Marie est apparue\u00bb, pour lequel sont nomm\u00e9s Dominique de  Villepin, <a href=\"http:\/\/www.20minutes.fr\/thematique\/herve_morin\">Herv\u00e9 Morin<\/a>, Fran\u00e7ois Bayrou, Nicolas Dupont-Aignan, Jacques Cheminade et <a href=\"http:\/\/www.20minutes.fr\/thematique\/segolene_royal\">S\u00e9gol\u00e8ne Royal<\/a>.<\/p>\n<p>Les G\u00e9rard de la Politique seront attribu\u00e9s par un jury rassemblant  notamment des journalistes (Philippe Tesson, Bruno Roger-Petit, Eric  Naulleau, Eric Brunet, Philippe Bouvard, Guy Birenbaum, Karl Zero),  ainsi que le m\u00e9decin urgentiste Patrick Pelloux et le dessinateur  Olivier Ranson.<\/p>\n<p><em>(c) AFP (ouach \u00e7a fait trop s\u00e9rieux)<\/em><\/p>\n<div id=\"themify_builder_content-6527\" data-postid=\"6527\" class=\"themify_builder_content themify_builder_content-6527 themify_builder\">\n    <\/div>\n<!-- \/themify_builder_content -->\n","protected":false},"excerpt":{"rendered":"<p>Les premiers \u00abG\u00e9rard de la Politique\u00bb, prix destin\u00e9s \u00e0 r\u00e9compenser \u00able pire de la politique\u00bb, seront d\u00e9cern\u00e9s le 10 mai sur Paris Premi\u00e8re, ont annonc\u00e9 les organisateurs, cr\u00e9ateurs des \u00abG\u00e9rard de la T\u00e9l\u00e9vision\u00bb et des \u00abG\u00e9rard du Cin\u00e9ma\u00bb dans la m\u00eame veine potache. \u00abA l&rsquo;occasion des 30 ans de la victoire de Fran\u00e7ois Mitterrand et [&hellip;]<\/p>\n","protected":false},"author":3,"featured_media":0,"comment_status":"open","ping_status":"open","sticky":false,"template":"","format":"standard","meta":{"footnotes":""},"categories":[2],"tags":[2172,2173],"class_list":["post-6527","post","type-post","status-publish","format-standard","hentry","category-loisiretportnawak","tag-les-gerard","tag-les-gerard-de-la-politique","has-post-title","has-post-date","has-post-category","has-post-tag","has-post-comment","has-post-author",""],"builder_content":"","_links":{"self":[{"href":"https:\/\/stanetdam.com\/index.php?rest_route=\/wp\/v2\/posts\/6527","targetHints":{"allow":["GET"]}}],"collection":[{"href":"https:\/\/stanetdam.com\/index.php?rest_route=\/wp\/v2\/posts"}],"about":[{"href":"https:\/\/stanetdam.com\/index.php?rest_route=\/wp\/v2\/types\/post"}],"author":[{"embeddable":true,"href":"https:\/\/stanetdam.com\/index.php?rest_route=\/wp\/v2\/users\/3"}],"replies":[{"embeddable":true,"href":"https:\/\/stanetdam.com\/index.php?rest_route=%2Fwp%2Fv2%2Fcomments&post=6527"}],"version-history":[{"count":0,"href":"https:\/\/stanetdam.com\/index.php?rest_route=\/wp\/v2\/posts\/6527\/revisions"}],"wp:attachment":[{"href":"https:\/\/stanetdam.com\/index.php?rest_route=%2Fwp%2Fv2%2Fmedia&parent=6527"}],"wp:term":[{"taxonomy":"category","embeddable":true,"href":"https:\/\/stanetdam.com\/index.php?rest_route=%2Fwp%2Fv2%2Fcategories&post=6527"},{"taxonomy":"post_tag","embeddable":true,"href":"https:\/\/stanetdam.com\/index.php?rest_route=%2Fwp%2Fv2%2Ftags&post=6527"}],"curies":[{"name":"wp","href":"https:\/\/api.w.org\/{rel}","templated":true}]}}