{"id":6525,"date":"2011-04-23T08:31:23","date_gmt":"2011-04-23T06:31:23","guid":{"rendered":"http:\/\/www.stanetdam.com\/bordeaux-la-fnac-retire-son-logo-apple-maj\/"},"modified":"2011-04-23T08:31:23","modified_gmt":"2011-04-23T06:31:23","slug":"bordeaux-la-fnac-retire-son-logo-apple-maj","status":"publish","type":"post","link":"https:\/\/stanetdam.com\/?p=6525","title":{"rendered":"Bordeaux : la Fnac retire son logo Apple (MAJ)"},"content":{"rendered":"<p>Cet article est issu de la veille quotidienne de Stan&#038;Dam. Ils aiment mettre en avant des informations int\u00e9ressantes vues sur le web, et les partager.<br \/>\n<br \/>\n<span style=\"font-style: italic; color: rgb(153, 153, 153);\"><\/p>\n<p>Amusante image que nous envoie un lecteur bordelais : la Fnac, se situant \u00e0 une centaine de m\u00e8tres du nouvel AppleStore, poss\u00e9dait sur une de ses vitrine, un petit logo Apple , qu&rsquo;elle s&#8217;empresse d\u00e9sormais de retirer : L&rsquo;histoire ne dit pas s&rsquo;il s&rsquo;agit d&rsquo;une exigence d&rsquo; Apple ou si&#8230;<\/p>\n<p><\/span><br \/>\nLire l&rsquo;article original ici:<br \/>\n<a target=\"_blank\" href=\"http:\/\/www.mac4ever.com\/news\/62205\/bordeaux_la_fnac_retire_son_logo_apple_maj\/\" title=\"Bordeaux : la Fnac retire son logo Apple (MAJ)\" rel=\"noopener noreferrer\">Bordeaux : la Fnac retire son logo Apple (MAJ)<\/a><\/p>\n<div id=\"themify_builder_content-6525\" data-postid=\"6525\" class=\"themify_builder_content themify_builder_content-6525 themify_builder\">\n    <\/div>\n<!-- \/themify_builder_content -->\n","protected":false},"excerpt":{"rendered":"<p>Amusante image que nous envoie un lecteur bordelais : la Fnac, se situant \u00e0 une centaine de m\u00e8tres du nouvel AppleStore, poss\u00e9dait sur une de ses vitrine, un petit logo Apple , qu&rsquo;elle s&#8217;empresse d\u00e9sormais de retirer : L&rsquo;histoire ne dit pas s&rsquo;il s&rsquo;agit d&rsquo;une exigence d&rsquo; Apple ou si&#8230;<\/p>\n","protected":false},"author":2,"featured_media":0,"comment_status":"open","ping_status":"open","sticky":false,"template":"","format":"standard","meta":{"footnotes":""},"categories":[6],"tags":[256,1589,1617,2222,2254,2935,3192,3246,3591],"class_list":["post-6525","post","type-post","status-publish","format-standard","hentry","category-liens-automatiques","tag-apple","tag-google","tag-google-reader","tag-lifestream","tag-logo","tag-petit","tag-reader","tag-result","tag-stan","has-post-title","has-post-date","has-post-category","has-post-tag","has-post-comment","has-post-author",""],"builder_content":"","_links":{"self":[{"href":"https:\/\/stanetdam.com\/index.php?rest_route=\/wp\/v2\/posts\/6525","targetHints":{"allow":["GET"]}}],"collection":[{"href":"https:\/\/stanetdam.com\/index.php?rest_route=\/wp\/v2\/posts"}],"about":[{"href":"https:\/\/stanetdam.com\/index.php?rest_route=\/wp\/v2\/types\/post"}],"author":[{"embeddable":true,"href":"https:\/\/stanetdam.com\/index.php?rest_route=\/wp\/v2\/users\/2"}],"replies":[{"embeddable":true,"href":"https:\/\/stanetdam.com\/index.php?rest_route=%2Fwp%2Fv2%2Fcomments&post=6525"}],"version-history":[{"count":0,"href":"https:\/\/stanetdam.com\/index.php?rest_route=\/wp\/v2\/posts\/6525\/revisions"}],"wp:attachment":[{"href":"https:\/\/stanetdam.com\/index.php?rest_route=%2Fwp%2Fv2%2Fmedia&parent=6525"}],"wp:term":[{"taxonomy":"category","embeddable":true,"href":"https:\/\/stanetdam.com\/index.php?rest_route=%2Fwp%2Fv2%2Fcategories&post=6525"},{"taxonomy":"post_tag","embeddable":true,"href":"https:\/\/stanetdam.com\/index.php?rest_route=%2Fwp%2Fv2%2Ftags&post=6525"}],"curies":[{"name":"wp","href":"https:\/\/api.w.org\/{rel}","templated":true}]}}