{"id":6523,"date":"2011-04-23T15:17:00","date_gmt":"2011-04-23T13:17:00","guid":{"rendered":"http:\/\/www.stanetdam.com\/quiz-special-voltaire-etes-vous-plus-cale-que-frederic-lefebvre\/"},"modified":"2011-04-23T15:17:00","modified_gmt":"2011-04-23T13:17:00","slug":"quiz-special-voltaire-etes-vous-plus-cale-que-frederic-lefebvre","status":"publish","type":"post","link":"https:\/\/stanetdam.com\/?p=6523","title":{"rendered":"Quiz sp\u00e9cial Voltaire : \u00eates-vous plus cal\u00e9 que Fr\u00e9d\u00e9ric Lefebvre ?"},"content":{"rendered":"<p>Cet article est issu de la veille quotidienne de Stan&#038;Dam. Ils aiment mettre en avant des informations int\u00e9ressantes vues sur le web, et les partager.<br \/>\n<br \/>\n<span style=\"font-style: italic; color: rgb(153, 153, 153);\"><\/p>\n<p> On attribue souvent \u00e0 Voltaire cette citation\u00a0: \u00ab\u00a0Je ne suis pas d&#39;accord avec ce que vous dites, mais je me battrai jusqu&#39;au bout pour que vous puissiez le dire.\u00a0\u00bb Elle n&rsquo;est pourtant pas de lui . La preuve que, comme Fr\u00e9d\u00e9ric Lefebvre (qui confond \u00ab\u00a0Zadig\u00a0\u00bb de Voltaire et la marque Zadig &#038; Voltaire), on est parfois approximatif sur l&#39;\u0153uvre et la vie de l&#39;\u00e9crivain-philosophe. Et vous, vous en \u00eates o\u00f9 sur Voltaire\u00a0? en lire plus <\/p>\n<p><\/span><br \/>\nLire l&rsquo;article original ici:<br \/>\n<a target=\"_blank\" href=\"http:\/\/www.rue89.com\/2011\/04\/23\/quiz-special-voltaire-etes-vous-plus-cale-que-frederic-lefebvre-201114\" title=\"Quiz sp\u00e9cial Voltaire : \u00eates-vous plus cal\u00e9 que Fr\u00e9d\u00e9ric Lefebvre ?\" rel=\"noopener noreferrer\">Quiz sp\u00e9cial Voltaire : \u00eates-vous plus cal\u00e9 que Fr\u00e9d\u00e9ric Lefebvre ?<\/a><\/p>\n<div id=\"themify_builder_content-6523\" data-postid=\"6523\" class=\"themify_builder_content themify_builder_content-6523 themify_builder\">\n    <\/div>\n<!-- \/themify_builder_content -->\n","protected":false},"excerpt":{"rendered":"<p> On attribue souvent \u00e0 Voltaire cette citation\u00a0: \u00ab\u00a0Je ne suis pas d&#39;accord avec ce que vous dites, mais je me battrai jusqu&#39;au bout pour que vous puissiez le dire.\u00a0\u00bb Elle n&rsquo;est pourtant pas de lui . La preuve que, comme Fr\u00e9d\u00e9ric Lefebvre (qui confond \u00ab\u00a0Zadig\u00a0\u00bb de Voltaire et la marque Zadig &#038; Voltaire), on est parfois approximatif sur l&#39;\u0153uvre et la vie de l&#39;\u00e9crivain-philosophe. Et vous, vous en \u00eates o\u00f9 sur Voltaire\u00a0? en lire plus <\/p>\n","protected":false},"author":2,"featured_media":0,"comment_status":"open","ping_status":"open","sticky":false,"template":"","format":"standard","meta":{"footnotes":""},"categories":[6],"tags":[733,1617,2365,2856,3246,3591,4082,4256],"class_list":["post-6523","post","type-post","status-publish","format-standard","hentry","category-liens-automatiques","tag-citation","tag-google-reader","tag-marque","tag-parfois","tag-result","tag-stan","tag-voltaire","tag-zadig","has-post-title","has-post-date","has-post-category","has-post-tag","has-post-comment","has-post-author",""],"builder_content":"","_links":{"self":[{"href":"https:\/\/stanetdam.com\/index.php?rest_route=\/wp\/v2\/posts\/6523","targetHints":{"allow":["GET"]}}],"collection":[{"href":"https:\/\/stanetdam.com\/index.php?rest_route=\/wp\/v2\/posts"}],"about":[{"href":"https:\/\/stanetdam.com\/index.php?rest_route=\/wp\/v2\/types\/post"}],"author":[{"embeddable":true,"href":"https:\/\/stanetdam.com\/index.php?rest_route=\/wp\/v2\/users\/2"}],"replies":[{"embeddable":true,"href":"https:\/\/stanetdam.com\/index.php?rest_route=%2Fwp%2Fv2%2Fcomments&post=6523"}],"version-history":[{"count":0,"href":"https:\/\/stanetdam.com\/index.php?rest_route=\/wp\/v2\/posts\/6523\/revisions"}],"wp:attachment":[{"href":"https:\/\/stanetdam.com\/index.php?rest_route=%2Fwp%2Fv2%2Fmedia&parent=6523"}],"wp:term":[{"taxonomy":"category","embeddable":true,"href":"https:\/\/stanetdam.com\/index.php?rest_route=%2Fwp%2Fv2%2Fcategories&post=6523"},{"taxonomy":"post_tag","embeddable":true,"href":"https:\/\/stanetdam.com\/index.php?rest_route=%2Fwp%2Fv2%2Ftags&post=6523"}],"curies":[{"name":"wp","href":"https:\/\/api.w.org\/{rel}","templated":true}]}}