{"id":6410,"date":"2011-03-24T18:13:15","date_gmt":"2011-03-24T17:13:15","guid":{"rendered":"http:\/\/www.stanetdam.com\/?p=6410"},"modified":"2011-03-24T18:13:15","modified_gmt":"2011-03-24T17:13:15","slug":"avant-premiere-en-ligne-ce-soir-du-documentaire-piratge-de-france-4","status":"publish","type":"post","link":"https:\/\/stanetdam.com\/?p=6410","title":{"rendered":"Avant-premi\u00e8re en ligne ce soir du documentaire Pirat@ge de France 4"},"content":{"rendered":"<p><strong>A l\u2019occasion de l\u2019avant-premi\u00e8re du documentaire \u00ab\u00a0Pirat@ge\u00a0\u00bb au MK2 Biblioth\u00e8que, le Jeudi 24 Mars \u00e0 20h30, France 4 innove en int\u00e9grant les outils 2.0 dans son dispositif. Chacun pourra ainsi participer \u00e0 cet \u00e9v\u00e8nement et les internautes seront plus que jamais impliqu\u00e9s<\/strong> (et bien sur, Stan&amp;Dam y seront !).<strong><br \/>\n<\/strong><\/p>\n<p><strong>Pour la premi\u00e8re fois, France 4 relayera l\u2019avant-premi\u00e8re aux internautes \u00e0 travers un livestream h\u00e9berg\u00e9 sur le site de la cha\u00eene<\/strong>. Les webspectateurs connect\u00e9s pourront vivre pleinement la soir\u00e9e et intervenir lors du d\u00e9bat, via leur compte Twitter ou gr\u00e2ce \u00e0 un simple formulaire disponible sur le site <strong><a href=\"http:\/\/france4.fr\/\" target=\"_blank\" rel=\"noopener noreferrer\">france4.fr<\/a><\/strong><\/p>\n<p>Les questions et commentaires des internautes et mobinautes seront transmis dans la salle de projection, en temps r\u00e9el, en s\u2019affichant sur un webwall qui leur est d\u00e9di\u00e9. Ainsi, ils pourront interagir comme s\u2019ils \u00e9taient pr\u00e9sents dans la salle.<\/p>\n<div id=\"__ss_7306515\" style=\"width: 425px;\"><strong style=\"display: block; margin: 12px 0 4px;\"><a title=\"Documentaire Pirat@ge France 4\" href=\"http:\/\/www.slideshare.net\/France2tv\/documentaire-piratge-france-4\">Documentaire Pirat@ge France 4<\/a><\/strong> <object id=\"__sse7306515\" width=\"425\" height=\"355\"><param name=\"movie\" value=\"http:\/\/static.slidesharecdn.com\/swf\/ssplayer2.swf?doc=piratgedp-110318084424-phpapp02&amp;stripped_title=documentaire-piratge-france-4&amp;userName=France2tv\" \/><param name=\"allowFullScreen\" value=\"true\" \/><param name=\"allowScriptAccess\" value=\"always\" \/><embed type=\"application\/x-shockwave-flash\" width=\"425\" height=\"355\" src=\"http:\/\/static.slidesharecdn.com\/swf\/ssplayer2.swf?doc=piratgedp-110318084424-phpapp02&amp;stripped_title=documentaire-piratge-france-4&amp;userName=France2tv\" name=\"__sse7306515\" allowscriptaccess=\"always\" allowfullscreen=\"true\"><\/embed><\/object><\/p>\n<div style=\"padding: 5px 0 12px;\">View more <a href=\"http:\/\/www.slideshare.net\/\">presentations<\/a> from <a href=\"http:\/\/www.slideshare.net\/France2tv\">France T\u00e9l\u00e9visions<\/a><\/div>\n<\/div>\n<p><strong>Le d\u00e9bat<\/strong> sera anim\u00e9 par <strong>Benjamin Muller<\/strong> (France 4 \/ Europe 1), en pr\u00e9sence des r\u00e9alisateurs du documentaire et d\u2019invit\u00e9s reconnus : <strong>Douglas Alves<\/strong> (Association MO5), <strong>Ollivier Pourriol<\/strong> (Philosophe\/Cinephilo) et <strong>Fabrice Epelboin<\/strong> (Editeur de ReadWriteWeb pour la francophonie), notamment.<\/p>\n<p>&nbsp;<\/p>\n<p><strong>Les th\u00e8mes du d\u00e9bat seront :<\/strong><\/p>\n<p>&#8211; Le Hacking est-il un acte politique ?<\/p>\n<p>&#8211; MP3, Napster, mods : ce que nous devons au piratage ?<\/p>\n<p>&#8211; Les pirates, figures de la culture populaire ?<\/p>\n<p>&nbsp;<\/p>\n<p>Vous pouvez participer au d\u00e9bat et posez vos questions d\u00e8s maintenant, via le formulaire, ou sur Twitter : <strong>#piratagef4<\/strong><\/p>\n<p><strong><a href=\"http:\/\/www.france4.fr\/piratage\" target=\"_blank\" rel=\"noopener noreferrer\">http:\/\/www.france4.fr\/piratage<\/a><\/strong><\/p>\n<p>&nbsp;<\/p>\n<p><strong>Le documentaire sera diffus\u00e9 le 15 avril \u00e0 22h20 sur l&rsquo;antenne de France4.<br \/>\n<em>Pirat@ge<\/em>, un documentaire cor\u00e9alis\u00e9 par Etienne Rouillon et Sylvain Berg\u00e8re, produit par MK2Production<\/strong><\/p>\n<div id=\"themify_builder_content-6410\" data-postid=\"6410\" class=\"themify_builder_content themify_builder_content-6410 themify_builder\">\n    <\/div>\n<!-- \/themify_builder_content -->\n","protected":false},"excerpt":{"rendered":"<p>A l\u2019occasion de l\u2019avant-premi\u00e8re du documentaire \u00ab\u00a0Pirat@ge\u00a0\u00bb au MK2 Biblioth\u00e8que, le Jeudi 24 Mars \u00e0 20h30, France 4 innove en int\u00e9grant les outils 2.0 dans son dispositif. Chacun pourra ainsi participer \u00e0 cet \u00e9v\u00e8nement et les internautes seront plus que jamais impliqu\u00e9s (et bien sur, Stan&amp;Dam y seront !). Pour la premi\u00e8re fois, France 4 [&hellip;]<\/p>\n","protected":false},"author":3,"featured_media":0,"comment_status":"open","ping_status":"open","sticky":false,"template":"","format":"standard","meta":{"footnotes":""},"categories":[3],"tags":[1081,1432,1437,1676,2981],"class_list":["post-6410","post","type-post","status-publish","format-standard","hentry","category-sd-usages","tag-documentaire","tag-france-4","tag-france-televisions","tag-hadopi","tag-piratages","has-post-title","has-post-date","has-post-category","has-post-tag","has-post-comment","has-post-author",""],"builder_content":"","_links":{"self":[{"href":"https:\/\/stanetdam.com\/index.php?rest_route=\/wp\/v2\/posts\/6410","targetHints":{"allow":["GET"]}}],"collection":[{"href":"https:\/\/stanetdam.com\/index.php?rest_route=\/wp\/v2\/posts"}],"about":[{"href":"https:\/\/stanetdam.com\/index.php?rest_route=\/wp\/v2\/types\/post"}],"author":[{"embeddable":true,"href":"https:\/\/stanetdam.com\/index.php?rest_route=\/wp\/v2\/users\/3"}],"replies":[{"embeddable":true,"href":"https:\/\/stanetdam.com\/index.php?rest_route=%2Fwp%2Fv2%2Fcomments&post=6410"}],"version-history":[{"count":0,"href":"https:\/\/stanetdam.com\/index.php?rest_route=\/wp\/v2\/posts\/6410\/revisions"}],"wp:attachment":[{"href":"https:\/\/stanetdam.com\/index.php?rest_route=%2Fwp%2Fv2%2Fmedia&parent=6410"}],"wp:term":[{"taxonomy":"category","embeddable":true,"href":"https:\/\/stanetdam.com\/index.php?rest_route=%2Fwp%2Fv2%2Fcategories&post=6410"},{"taxonomy":"post_tag","embeddable":true,"href":"https:\/\/stanetdam.com\/index.php?rest_route=%2Fwp%2Fv2%2Ftags&post=6410"}],"curies":[{"name":"wp","href":"https:\/\/api.w.org\/{rel}","templated":true}]}}