{"id":6373,"date":"2011-03-20T11:01:21","date_gmt":"2011-03-20T10:01:21","guid":{"rendered":"http:\/\/www.stanetdam.com\/quitter-tokyo-je-suis-gene-pour-mes-amis-japonais\/"},"modified":"2011-03-20T11:01:21","modified_gmt":"2011-03-20T10:01:21","slug":"quitter-tokyo-je-suis-gene-pour-mes-amis-japonais","status":"publish","type":"post","link":"https:\/\/stanetdam.com\/?p=6373","title":{"rendered":"Quitter Tokyo ? \u00ab\u00a0Je suis g\u00ean\u00e9 pour mes amis japonais\u00a0\u00bb"},"content":{"rendered":"<p>Cet article est issu de la veille quotidienne de Stan&#038;Dam. Ils aiment mettre en avant des informations int\u00e9ressantes vues sur le web, et les partager.<br \/>\n<br \/>\n<span style=\"font-style: italic; color: rgb(153, 153, 153);\"><\/p>\n<p> \u00ab\u00a0L&#39;inqui\u00e9tude autour de la situation des Fran\u00e7ais de Tokyo me para\u00eet ind\u00e9cente vis-\u00e0-vis de ceux qui, plus au nord, ont perdu leur famille, leur toit et leur travail\u00a0\u00bb, nous \u00e9crit Denys, qui vit et travaille \u00e0 Tokyo. \u00ab\u00a0Les capitaines qui ont quitt\u00e9 le navire ne sont m\u00eame pas rares\u00a0\u00bb, critique un autre, \u00ab\u00a0et la cause de cette panique, il faut la rechercher dans les informations propag\u00e9es par nos m\u00e9dias et nos responsables\u00a0\u00bb, en lire plus <\/p>\n<p><\/span><br \/>\nLire l&rsquo;article original ici:<br \/>\n<a target=\"_blank\" href=\"http:\/\/www.rue89.com\/2011\/03\/20\/evacuer-tokyo-je-ressens-une-gene-pour-mes-amis-japonais-195941\" suis pour mes amis rel=\"noopener noreferrer\">Quitter Tokyo ? \u00ab\u00a0Je suis g\u00ean\u00e9 pour mes amis japonais\u00a0\u00bb<\/a><\/p>\n<div id=\"themify_builder_content-6373\" data-postid=\"6373\" class=\"themify_builder_content themify_builder_content-6373 themify_builder\">\n    <\/div>\n<!-- \/themify_builder_content -->\n","protected":false},"excerpt":{"rendered":"<p> \u00ab\u00a0L&#39;inqui\u00e9tude autour de la situation des Fran\u00e7ais de Tokyo me para\u00eet ind\u00e9cente vis-\u00e0-vis de ceux qui, plus au nord, ont perdu leur famille, leur toit et leur travail\u00a0\u00bb, nous \u00e9crit Denys, qui vit et travaille \u00e0 Tokyo. \u00ab\u00a0Les capitaines qui ont quitt\u00e9 le navire ne sont m\u00eame pas rares\u00a0\u00bb, critique un autre, \u00ab\u00a0et la cause de cette panique, il faut la rechercher dans les informations propag\u00e9es par nos m\u00e9dias et nos responsables\u00a0\u00bb, en lire plus <\/p>\n","protected":false},"author":2,"featured_media":0,"comment_status":"open","ping_status":"open","sticky":false,"template":"","format":"standard","meta":{"footnotes":""},"categories":[6],"tags":[917,2222,3246,3591,3848],"class_list":["post-6373","post","type-post","status-publish","format-standard","hentry","category-liens-automatiques","tag-critique","tag-lifestream","tag-result","tag-stan","tag-tokyo","has-post-title","has-post-date","has-post-category","has-post-tag","has-post-comment","has-post-author",""],"builder_content":"","_links":{"self":[{"href":"https:\/\/stanetdam.com\/index.php?rest_route=\/wp\/v2\/posts\/6373","targetHints":{"allow":["GET"]}}],"collection":[{"href":"https:\/\/stanetdam.com\/index.php?rest_route=\/wp\/v2\/posts"}],"about":[{"href":"https:\/\/stanetdam.com\/index.php?rest_route=\/wp\/v2\/types\/post"}],"author":[{"embeddable":true,"href":"https:\/\/stanetdam.com\/index.php?rest_route=\/wp\/v2\/users\/2"}],"replies":[{"embeddable":true,"href":"https:\/\/stanetdam.com\/index.php?rest_route=%2Fwp%2Fv2%2Fcomments&post=6373"}],"version-history":[{"count":0,"href":"https:\/\/stanetdam.com\/index.php?rest_route=\/wp\/v2\/posts\/6373\/revisions"}],"wp:attachment":[{"href":"https:\/\/stanetdam.com\/index.php?rest_route=%2Fwp%2Fv2%2Fmedia&parent=6373"}],"wp:term":[{"taxonomy":"category","embeddable":true,"href":"https:\/\/stanetdam.com\/index.php?rest_route=%2Fwp%2Fv2%2Fcategories&post=6373"},{"taxonomy":"post_tag","embeddable":true,"href":"https:\/\/stanetdam.com\/index.php?rest_route=%2Fwp%2Fv2%2Ftags&post=6373"}],"curies":[{"name":"wp","href":"https:\/\/api.w.org\/{rel}","templated":true}]}}