{"id":6372,"date":"2011-03-20T10:23:30","date_gmt":"2011-03-20T09:23:30","guid":{"rendered":"http:\/\/www.stanetdam.com\/libye-pourquoi-la-tele-francaise-cache-t-elle-que-sarkozy-est-sous-commandement-us\/"},"modified":"2011-03-20T10:23:30","modified_gmt":"2011-03-20T09:23:30","slug":"libye-pourquoi-la-tele-francaise-cache-t-elle-que-sarkozy-est-sous-commandement-us","status":"publish","type":"post","link":"https:\/\/stanetdam.com\/?p=6372","title":{"rendered":"Libye : pourquoi la t\u00e9l\u00e9 fran\u00e7aise cache-t-elle que Sarkozy est sous commandement US ?"},"content":{"rendered":"<p>Cet article est issu de la veille quotidienne de Stan&#038;Dam. Ils aiment mettre en avant des informations int\u00e9ressantes vues sur le web, et les partager.<br \/>\n<br \/>\n<span style=\"font-style: italic; color: rgb(153, 153, 153);\"><\/p>\n<p>Depuis hier les m\u00e9dias fran\u00e7ais \u00e9voquent le leadership fran\u00e7ais dans l&rsquo;affaire libyenne. Aux Etats-Unis, on ne voit pas \u00e7a comme \u00e7a&#8230; <\/p>\n<p><\/span><br \/>\nLire l&rsquo;article original ici:<br \/>\n<a target=\"_blank\" href=\"http:\/\/www.lepost.fr\/article\/2011\/03\/20\/2440446_libye-pourquoi-la-television-francaise-cache-t-elle-que-sarkozy-est-sous-commandement-americain.html#xtor=RSS-30\" title=\"Libye : pourquoi la t\u00e9l\u00e9 fran\u00e7aise cache-t-elle que Sarkozy est sous commandement US ?\" rel=\"noopener noreferrer\">Libye : pourquoi la t\u00e9l\u00e9 fran\u00e7aise cache-t-elle que Sarkozy est sous commandement US ?<\/a><\/p>\n<div id=\"themify_builder_content-6372\" data-postid=\"6372\" class=\"themify_builder_content themify_builder_content-6372 themify_builder\">\n    <\/div>\n<!-- \/themify_builder_content -->\n","protected":false},"excerpt":{"rendered":"<p>Depuis hier les m\u00e9dias fran\u00e7ais \u00e9voquent le leadership fran\u00e7ais dans l&rsquo;affaire libyenne. Aux Etats-Unis, on ne voit pas \u00e7a comme \u00e7a&#8230; <\/p>\n","protected":false},"author":2,"featured_media":0,"comment_status":"open","ping_status":"open","sticky":false,"template":"","format":"standard","meta":{"footnotes":""},"categories":[6],"tags":[147,1589,2144,3246,3591],"class_list":["post-6372","post","type-post","status-publish","format-standard","hentry","category-liens-automatiques","tag-affaire","tag-google","tag-leadership","tag-result","tag-stan","has-post-title","has-post-date","has-post-category","has-post-tag","has-post-comment","has-post-author",""],"builder_content":"","_links":{"self":[{"href":"https:\/\/stanetdam.com\/index.php?rest_route=\/wp\/v2\/posts\/6372","targetHints":{"allow":["GET"]}}],"collection":[{"href":"https:\/\/stanetdam.com\/index.php?rest_route=\/wp\/v2\/posts"}],"about":[{"href":"https:\/\/stanetdam.com\/index.php?rest_route=\/wp\/v2\/types\/post"}],"author":[{"embeddable":true,"href":"https:\/\/stanetdam.com\/index.php?rest_route=\/wp\/v2\/users\/2"}],"replies":[{"embeddable":true,"href":"https:\/\/stanetdam.com\/index.php?rest_route=%2Fwp%2Fv2%2Fcomments&post=6372"}],"version-history":[{"count":0,"href":"https:\/\/stanetdam.com\/index.php?rest_route=\/wp\/v2\/posts\/6372\/revisions"}],"wp:attachment":[{"href":"https:\/\/stanetdam.com\/index.php?rest_route=%2Fwp%2Fv2%2Fmedia&parent=6372"}],"wp:term":[{"taxonomy":"category","embeddable":true,"href":"https:\/\/stanetdam.com\/index.php?rest_route=%2Fwp%2Fv2%2Fcategories&post=6372"},{"taxonomy":"post_tag","embeddable":true,"href":"https:\/\/stanetdam.com\/index.php?rest_route=%2Fwp%2Fv2%2Ftags&post=6372"}],"curies":[{"name":"wp","href":"https:\/\/api.w.org\/{rel}","templated":true}]}}