{"id":6310,"date":"2011-03-05T07:05:56","date_gmt":"2011-03-05T06:05:56","guid":{"rendered":"http:\/\/www.stanetdam.com\/retour-sur-la-nouvelle-gestion-du-trim-sous-os-x\/"},"modified":"2011-03-05T07:05:56","modified_gmt":"2011-03-05T06:05:56","slug":"retour-sur-la-nouvelle-gestion-du-trim-sous-os-x","status":"publish","type":"post","link":"https:\/\/stanetdam.com\/?p=6310","title":{"rendered":"Retour sur la nouvelle gestion du TRIM sous OS X"},"content":{"rendered":"<p>Cet article est issu de la veille quotidienne de Stan&#038;Dam. Ils aiment mettre en avant des informations int\u00e9ressantes vues sur le web, et les partager.<br \/>\n<br \/>\n<span style=\"font-style: italic; color: rgb(153, 153, 153);\"><\/p>\n<p> Depuis quelques jours on sait que Lion g\u00e8re le TRIM avec les SSD fournis par Apple. Depuis hier on sait qu&#39;il en va de m\u00eame avec la version de Snow Leopard propos\u00e9e sur les plus r\u00e9cents MacBook Pro. Nous avons pass\u00e9 pas mal d&#39;heures \u00e0 regarder comment le syst\u00e8me d\u00e9cidait de supporter le TRIM sur un SSD plut\u00f4t qu&#39;un autre. Nous avons perdu l\u00e0-dessus un temps fou parce que nous \u00e9tions persuad\u00e9s que cette distinction se faisait dans une PLIST qu&#39;Apple aurait pu mettre \u00e0 jour, ce qui semblait le plus \u00e9vident. <\/p>\n<p><\/span><br \/>\nLire l&rsquo;article original ici:<br \/>\n<a target=\"_blank\" href=\"http:\/\/feeds.macbidouille.com\/~r\/macbidouille\/~3\/iCuwScarohg\/retour-sur-la-nouvelle-gestion-du-trim-sous-os-x\" title=\"Retour sur la nouvelle gestion du TRIM sous OS X\" rel=\"noopener noreferrer\">Retour sur la nouvelle gestion du TRIM sous OS X<\/a><\/p>\n<div id=\"themify_builder_content-6310\" data-postid=\"6310\" class=\"themify_builder_content themify_builder_content-6310 themify_builder\">\n    <\/div>\n<!-- \/themify_builder_content -->\n","protected":false},"excerpt":{"rendered":"<p> Depuis quelques jours on sait que Lion g\u00e8re le TRIM avec les SSD fournis par Apple. Depuis hier on sait qu&#39;il en va de m\u00eame avec la version de Snow Leopard propos\u00e9e sur les plus r\u00e9cents MacBook Pro. Nous avons pass\u00e9 pas mal d&#39;heures \u00e0 regarder comment le syst\u00e8me d\u00e9cidait de supporter le TRIM sur un SSD plut\u00f4t qu&#39;un autre. Nous avons perdu l\u00e0-dessus un temps fou parce que nous \u00e9tions persuad\u00e9s que cette distinction se faisait dans une PLIST qu&#39;Apple aurait pu mettre \u00e0 jour, ce qui semblait le plus \u00e9vident. <\/p>\n","protected":false},"author":2,"featured_media":0,"comment_status":"open","ping_status":"open","sticky":false,"template":"","format":"standard","meta":{"footnotes":""},"categories":[6],"tags":[256,361,1234,1589,2382,3041,3246,3303,3337],"class_list":["post-6310","post","type-post","status-publish","format-standard","hentry","category-liens-automatiques","tag-apple","tag-avions","tag-est","tag-google","tag-mauvaise","tag-pose","tag-result","tag-rotation","tag-sait","has-post-title","has-post-date","has-post-category","has-post-tag","has-post-comment","has-post-author",""],"builder_content":"","_links":{"self":[{"href":"https:\/\/stanetdam.com\/index.php?rest_route=\/wp\/v2\/posts\/6310","targetHints":{"allow":["GET"]}}],"collection":[{"href":"https:\/\/stanetdam.com\/index.php?rest_route=\/wp\/v2\/posts"}],"about":[{"href":"https:\/\/stanetdam.com\/index.php?rest_route=\/wp\/v2\/types\/post"}],"author":[{"embeddable":true,"href":"https:\/\/stanetdam.com\/index.php?rest_route=\/wp\/v2\/users\/2"}],"replies":[{"embeddable":true,"href":"https:\/\/stanetdam.com\/index.php?rest_route=%2Fwp%2Fv2%2Fcomments&post=6310"}],"version-history":[{"count":0,"href":"https:\/\/stanetdam.com\/index.php?rest_route=\/wp\/v2\/posts\/6310\/revisions"}],"wp:attachment":[{"href":"https:\/\/stanetdam.com\/index.php?rest_route=%2Fwp%2Fv2%2Fmedia&parent=6310"}],"wp:term":[{"taxonomy":"category","embeddable":true,"href":"https:\/\/stanetdam.com\/index.php?rest_route=%2Fwp%2Fv2%2Fcategories&post=6310"},{"taxonomy":"post_tag","embeddable":true,"href":"https:\/\/stanetdam.com\/index.php?rest_route=%2Fwp%2Fv2%2Ftags&post=6310"}],"curies":[{"name":"wp","href":"https:\/\/api.w.org\/{rel}","templated":true}]}}