{"id":6290,"date":"2011-02-23T10:43:08","date_gmt":"2011-02-23T09:43:08","guid":{"rendered":"http:\/\/www.stanetdam.com\/le-light-peak-dapple-sappelle-le-thunderbolt\/"},"modified":"2011-02-23T10:43:08","modified_gmt":"2011-02-23T09:43:08","slug":"le-light-peak-dapple-sappelle-le-thunderbolt","status":"publish","type":"post","link":"https:\/\/stanetdam.com\/?p=6290","title":{"rendered":"Le Light Peak d&rsquo;Apple s&rsquo;appelle le Thunderbolt !"},"content":{"rendered":"<p>Cet article est issu de la veille quotidienne de Stan&#038;Dam. Ils aiment mettre en avant des informations int\u00e9ressantes vues sur le web, et les partager.<br \/>\n<br \/>\n<span style=\"font-style: italic; color: rgb(153, 153, 153);\"><\/p>\n<p> Nous venons de recevoir les sp\u00e9cifications compl\u00e8tes d&#39;un des nouveaux MacBook Pro 13&Prime;. Nous allons les d\u00e9tailler d&#39;ici quelques minutes, mais sachez d\u00e9j\u00e0 qu&#39;Apple appelle son impl\u00e9mentation du Light Peak le Thunderbolt. <\/p>\n<p><\/span><br \/>\nLire l&rsquo;article original ici:<br \/>\n<a target=\"_blank\" href=\"http:\/\/feeds.macbidouille.com\/~r\/macbidouille\/~3\/UJ7rZhq1Ep4\/le-light-peak-d-apple-s-appelle-le-thunderbolt\" title=\"Le Light Peak d'Apple s'appelle le Thunderbolt !\" rel=\"noopener noreferrer\">Le Light Peak d&rsquo;Apple s&rsquo;appelle le Thunderbolt !<\/a><\/p>\n<div id=\"themify_builder_content-6290\" data-postid=\"6290\" class=\"themify_builder_content themify_builder_content-6290 themify_builder\">\n    <\/div>\n<!-- \/themify_builder_content -->\n","protected":false},"excerpt":{"rendered":"<p> Nous venons de recevoir les sp\u00e9cifications compl\u00e8tes d&#39;un des nouveaux MacBook Pro 13&Prime;. Nous allons les d\u00e9tailler d&#39;ici quelques minutes, mais sachez d\u00e9j\u00e0 qu&#39;Apple appelle son impl\u00e9mentation du Light Peak le Thunderbolt. <\/p>\n","protected":false},"author":2,"featured_media":0,"comment_status":"open","ping_status":"open","sticky":false,"template":"","format":"standard","meta":{"footnotes":""},"categories":[6],"tags":[341,666,1858,2222,2224,2729,2907,3035,3591,3661,3992],"class_list":["post-6290","post","type-post","status-publish","format-standard","hentry","category-liens-automatiques","tag-audio","tag-cerise","tag-intel","tag-lifestream","tag-light","tag-num","tag-peak","tag-port","tag-stan","tag-superdrive","tag-usb","has-post-title","has-post-date","has-post-category","has-post-tag","has-post-comment","has-post-author",""],"builder_content":"","_links":{"self":[{"href":"https:\/\/stanetdam.com\/index.php?rest_route=\/wp\/v2\/posts\/6290","targetHints":{"allow":["GET"]}}],"collection":[{"href":"https:\/\/stanetdam.com\/index.php?rest_route=\/wp\/v2\/posts"}],"about":[{"href":"https:\/\/stanetdam.com\/index.php?rest_route=\/wp\/v2\/types\/post"}],"author":[{"embeddable":true,"href":"https:\/\/stanetdam.com\/index.php?rest_route=\/wp\/v2\/users\/2"}],"replies":[{"embeddable":true,"href":"https:\/\/stanetdam.com\/index.php?rest_route=%2Fwp%2Fv2%2Fcomments&post=6290"}],"version-history":[{"count":0,"href":"https:\/\/stanetdam.com\/index.php?rest_route=\/wp\/v2\/posts\/6290\/revisions"}],"wp:attachment":[{"href":"https:\/\/stanetdam.com\/index.php?rest_route=%2Fwp%2Fv2%2Fmedia&parent=6290"}],"wp:term":[{"taxonomy":"category","embeddable":true,"href":"https:\/\/stanetdam.com\/index.php?rest_route=%2Fwp%2Fv2%2Fcategories&post=6290"},{"taxonomy":"post_tag","embeddable":true,"href":"https:\/\/stanetdam.com\/index.php?rest_route=%2Fwp%2Fv2%2Ftags&post=6290"}],"curies":[{"name":"wp","href":"https:\/\/api.w.org\/{rel}","templated":true}]}}