{"id":6259,"date":"2011-02-09T15:32:13","date_gmt":"2011-02-09T14:32:13","guid":{"rendered":"http:\/\/www.stanetdam.com\/?p=6259"},"modified":"2011-02-09T15:32:13","modified_gmt":"2011-02-09T14:32:13","slug":"hp-palm-les-nouveaux-modeles-ce-soir","status":"publish","type":"post","link":"https:\/\/stanetdam.com\/?p=6259","title":{"rendered":"HP Palm : pr\u00e9dictions sur les annonces attendues ce soir"},"content":{"rendered":"<p style=\"text-align: center;\"><img loading=\"lazy\" decoding=\"async\" class=\"aligncenter\" title=\"HP Palm\" src=\"http:\/\/static.igeneration.fr\/img\/2011\/2\/skitched-20110209-094157.jpg\" alt=\"\" width=\"480\" height=\"322\" \/><\/p>\n<p>Si Apple lance son iPhone en CDMA chez Verizon aujourd&rsquo;hui, c&rsquo;est pour essayer d&rsquo;\u00e9clipser la <em>keynote<\/em> HP Palm de ce soir (19h, heure fran\u00e7aise) qui r\u00e9v\u00e8lera les nouveaux produits sur webOS.<\/p>\n<p><a href=\"http:\/\/fr.readwriteweb.com\/2010\/04\/29\/analyse\/les-enjeux-rels-du-rachat-de-palm-par-hp\/\" target=\"_blank\" rel=\"noopener noreferrer\">J&rsquo;avais \u00e9cris sur ReadWriteWeb<\/a> en avril 2010 ce qui me paraissait \u00eatre les varies raisons du rachat de Palm par HP. Moins d&rsquo;un an plus tard, j&rsquo;esp\u00e8re que les attentes des fans de la marque (dont je fis partie depuis quasiment le d\u00e9but).<\/p>\n<h3>Une exp\u00e9rience globale<\/h3>\n<p>Clairement, HP vise une exp\u00e9rience globale de marque avec ce nouvel OS, qui va venir irriguer sa gamme :<strong> tout d&rsquo;abord les mobiles, une tablette, et sans oublier d&rsquo;autres appareils comme les imprimantes<\/strong> (les derniers mod\u00e8les int\u00e8grent d&rsquo;ailleurs un \u00e9cran tactile et un OS maison)<strong>, voire m\u00eame&#8230; des PC.<\/strong><\/p>\n<p>Cette indiscr\u00e9tion de \u00ab\u00a0gamme globale\u00a0\u00bb me vient de la direction marketing de Palm France, et conforte la posture de HP d&rsquo;essayer de faire sur les terminaux nomades ce qu&rsquo;elle n&rsquo;a pas r\u00e9ussit \u00e0 faire sur les PC : <strong>se d\u00e9gager de Microsoft Windows et proposer \u00ab\u00a0son\u00a0\u00bb mod\u00e8le technologique int\u00e9gr\u00e9 \u00e0 base de \u00ab\u00a0Cloud\u00a0\u00bb.<\/strong><\/p>\n<p>En clair, HP veut se positionner sur le march\u00e9 des terminaux nomades comme il a fait sur le PC, en prenant soin de ne pas rater <a href=\"http:\/\/www.clubic.com\/smartphone\/actualite-396110-ventes-smartphones-depassent-pc.html\" target=\"_blank\" rel=\"noopener noreferrer\">une vague qui prend la forme d&rsquo;une d\u00e9ferlante<\/a><\/p>\n<h3>Qu&rsquo;attendre ce soir ?<\/h3>\n<p>Mes pr\u00e9visions :<\/p>\n<p>&#8211; un webOS 2 revu et retravaill\u00e9 pour les tablettes.<\/p>\n<p>&#8211; une tablette <a href=\"http:\/\/www.igeneration.fr\/0-apple\/hppalm-tous-les-details-sur-la-topaz-31702\" target=\"_blank\" rel=\"noopener noreferrer\">d\u00e9nomm\u00e9e Topaz<\/a>.<\/p>\n<p>&#8211; l&rsquo;annonce de nouveaux terminaux mobiles.<\/p>\n<p>&#8211; une offre \u00ab\u00a0Cloud\u00a0\u00bb type Mobile Me pour fluidifier le transit d&rsquo;informations (photos, vid\u00e9os, documents&#8230;) entre les PC HP et la gamme HP Palm.<\/p>\n<p>&#8211; un nouvel environnement de d\u00e9veloppement avec quelques partenariats bien sentis pour faire grossir la base d&rsquo;applications.<\/p>\n<p style=\"text-align: center;\"><img loading=\"lazy\" decoding=\"async\" class=\"aligncenter\" title=\"HP Palm strategie\" src=\"http:\/\/media.precentral.net\/resources\/images\/000\/018\/220\/original\/thumb_450_hp-palm-tablet.png\" alt=\"\" width=\"450\" height=\"330\" \/><\/p>\n<h3>Il y a urgence&#8230;<\/h3>\n<p>Nokia en position de faiblesse, Windows Mobile 7 peinant \u00e0  convaincre, un Android en pleine forme et un iPhone qui cherche \u00e0 tout  prix \u00e0 verrouiller le haut de gamme, RIM se repositionnant sur les  tablettes et les ados, il peut y avoir la place pour un outsider mais il  va falloir que HP y mette le prix et l&rsquo;\u00e9nergie pour convaincre.<\/p>\n<div id=\"themify_builder_content-6259\" data-postid=\"6259\" class=\"themify_builder_content themify_builder_content-6259 themify_builder\">\n    <\/div>\n<!-- \/themify_builder_content -->\n","protected":false},"excerpt":{"rendered":"<p>Si Apple lance son iPhone en CDMA chez Verizon aujourd&rsquo;hui, c&rsquo;est pour essayer d&rsquo;\u00e9clipser la keynote HP Palm de ce soir (19h, heure fran\u00e7aise) qui r\u00e9v\u00e8lera les nouveaux produits sur webOS. J&rsquo;avais \u00e9cris sur ReadWriteWeb en avril 2010 ce qui me paraissait \u00eatre les varies raisons du rachat de Palm par HP. Moins d&rsquo;un an [&hellip;]<\/p>\n","protected":false},"author":3,"featured_media":0,"comment_status":"open","ping_status":"open","sticky":false,"template":"","format":"standard","meta":{"footnotes":""},"categories":[4,9],"tags":[1752,2840,2842,4133,4144],"class_list":["post-6259","post","type-post","status-publish","format-standard","hentry","category-sd-dossier","category-sd-techlounge","tag-hp-palm","tag-palm","tag-palm-pre","tag-web-os","tag-webos","has-post-title","has-post-date","has-post-category","has-post-tag","has-post-comment","has-post-author",""],"builder_content":"","_links":{"self":[{"href":"https:\/\/stanetdam.com\/index.php?rest_route=\/wp\/v2\/posts\/6259","targetHints":{"allow":["GET"]}}],"collection":[{"href":"https:\/\/stanetdam.com\/index.php?rest_route=\/wp\/v2\/posts"}],"about":[{"href":"https:\/\/stanetdam.com\/index.php?rest_route=\/wp\/v2\/types\/post"}],"author":[{"embeddable":true,"href":"https:\/\/stanetdam.com\/index.php?rest_route=\/wp\/v2\/users\/3"}],"replies":[{"embeddable":true,"href":"https:\/\/stanetdam.com\/index.php?rest_route=%2Fwp%2Fv2%2Fcomments&post=6259"}],"version-history":[{"count":0,"href":"https:\/\/stanetdam.com\/index.php?rest_route=\/wp\/v2\/posts\/6259\/revisions"}],"wp:attachment":[{"href":"https:\/\/stanetdam.com\/index.php?rest_route=%2Fwp%2Fv2%2Fmedia&parent=6259"}],"wp:term":[{"taxonomy":"category","embeddable":true,"href":"https:\/\/stanetdam.com\/index.php?rest_route=%2Fwp%2Fv2%2Fcategories&post=6259"},{"taxonomy":"post_tag","embeddable":true,"href":"https:\/\/stanetdam.com\/index.php?rest_route=%2Fwp%2Fv2%2Ftags&post=6259"}],"curies":[{"name":"wp","href":"https:\/\/api.w.org\/{rel}","templated":true}]}}