{"id":6236,"date":"2011-02-07T18:00:50","date_gmt":"2011-02-07T17:00:50","guid":{"rendered":"http:\/\/www.stanetdam.com\/?p=6236"},"modified":"2011-02-07T18:00:50","modified_gmt":"2011-02-07T17:00:50","slug":"les-gerards-du-cinema-2011-les-nomines-sont","status":"publish","type":"post","link":"https:\/\/stanetdam.com\/?p=6236","title":{"rendered":"Les G\u00e9rards du Cin\u00e9ma 2011 : les nomin\u00e9s sont&#8230;"},"content":{"rendered":"<div>\n<p>Stan&amp;Dam sont des fans des G\u00e9rards du Cin\u00e9ma. L&rsquo;an dernier d\u00e9j\u00e0\u00a0<a href=\"http:\/\/www.stanetdam.com\/les-gerards-du-cinema-2010-notre-critique-du-palmares\/\" target=\"_blank\" rel=\"noopener noreferrer\">nous avions \u00e9t\u00e9 accr\u00e9dit\u00e9s pour vous en faire d\u00e9couvrir les coulisses<\/a> et prendre la temp\u00e9rature des nomin\u00e9s, petit cadeau souvenir :<\/p>\n<p style=\"text-align: center;\">[youtube spSxPHgoUMk]<\/p>\n<p>Premi\u00e8re les trouve\u00a0<a href=\"http:\/\/www.premiere.fr\/Cinema\/News-Cinema\/Gerard-du-cinema-2011-pourquoi-ils-ne-font-pas-rire\/\" target=\"_blank\" rel=\"noopener noreferrer\">en baisse de forme<\/a> (ce qui n&rsquo;est pas forc\u00e9ment faux sur une ou deux cat\u00e9gories), il faut bien dire qu&rsquo;ils font avec la production cin\u00e9matographique hexagonale de l&rsquo;an pass\u00e9, et qu&rsquo;ils n&rsquo;ont pas \u00e9t\u00e9 forc\u00e9ment g\u00e2t\u00e9s (on n&rsquo;a pas un\u00a0<a href=\"http:\/\/www.allocine.fr\/film\/fichefilm_gen_cfilm=137696.html\" target=\"_blank\" rel=\"noopener noreferrer\">Baltringue<\/a> chaque ann\u00e9e \u00e0 se mettre sous la dent).\u00a0Pourtant , certaines cat\u00e9gories nous paraissent des plus justes, jugez plut\u00f4t avec\u00a0le meilleur des 18 nominations des G\u00e9rard du cin\u00e9ma 2011 (en direct le 21 f\u00e9vrier \u00e0 22h30 sur Paris Premi\u00e8re)\u00a0:<\/p>\n<p>G\u00e9rard de l&rsquo;acteur qui avant nous faisait bien rire et qui maintenant nous fait bien chier :<\/p>\n<p>Gad Elmaleh dans La Rafle<br \/>\nBenoit Poelvoorde dans Les \u00c9motifs anonymes<br \/>\nBernard Campan dans No et moi<br \/>\nAlbert Dupontel dans Le Bruit des gla\u00e7ons<br \/>\nEdouard Baer dans Mon pote<\/p>\n<p>G\u00e9rard du chanteur qui fait l&rsquo;acteur, ou le contraire, en tout cas dans un cas comme dans l&rsquo;autre, il le fait mal :<br \/>\nPatrick Bruel dans Comme les 5 doigts de la main<br \/>\nBenjamin Biolay dans La Meute<br \/>\nLio dans Un Poison violent<br \/>\nJacques Dutronc dans Joseph et la fille<br \/>\nPhilippe Katerine dans Je suis un no man&rsquo;s land Rapha\u00ebl dans Ces Amours-l\u00e0<\/p>\n<p><strong>G\u00e9rard du film qui ose enfin dire la v\u00e9rit\u00e9 sur les femmes :<br \/>\n<\/strong>Toutes les filles pleurent avec Judith Godr\u00e8che<br \/>\nLa T\u00eate en friche avec G\u00e9rard Depardieu<br \/>\nL&rsquo;Absence avec Liliane Rovai\u00e8re<br \/>\nPotiche avec Catherine Deneuve<br \/>\nSans Queue ni t\u00eate avec Isabelle Huppert<\/p>\n<p><strong>G\u00e9rard du film guimauve que tu te forces \u00e0 aller voir uniquement pour emballer une meuf :<br \/>\n<\/strong>L&rsquo;Arnacoeur avec Romain Duris<br \/>\nL&rsquo;Amour c&rsquo;est mieux \u00e0 deux avec Clovis Cornillac<br \/>\nEnsemble, nous allons vivre une tr\u00e8s tr\u00e8s grande histoire d?amour avec Julien Dor\u00e9<br \/>\nLes petits mouchoirs avec Marion Cotillard<br \/>\nLa chance de ma vie avec Fran\u00e7ois-Xavier Demaison<\/p>\n<p><strong>G\u00e9rard du petit cul :<br \/>\n<\/strong>Cl\u00e9mence Po\u00e9sy dans Lullaby<br \/>\nL\u00e9a Seydoux dans Petit tailleur<br \/>\nM\u00e9lanie Thierry dans La Princesse de Montpensier<br \/>\nAudrey Tautou dans De vrais mensonges<br \/>\nM\u00e9lanie Laurent dans Thelma et Chantal<\/p>\n<p><strong>G\u00e9rard du gros cul :<br \/>\n<\/strong>Catherine Deneuve dans Potiche<br \/>\nMyl\u00e8ne Demongeot dans Camping 2<br \/>\nClaudia Cardinale dans Un Balcon sur la mer<br \/>\nIsabelle Adjani dans Mammuth<br \/>\nJudith Godr\u00e8che (ou \u00ab\u00a0Gros derche\u00a0\u00bb selon les organisateurs&#8230;) dans Toutes les filles pleurent<\/p>\n<p><strong>G\u00e9rard du d\u00e9sespoir f\u00e9minin :<br \/>\n<\/strong>Jane Birkin dans Thelma, Louise et Chantal<br \/>\nMarion Cotillard dans Inception<br \/>\nIsabelle Adjani dans Mammuth<br \/>\nCarole Bouquet dans Libre Echange<br \/>\nMathilde Seigner dans Camping 2<br \/>\nAudrey Tautou dans De vrais mensonges<\/p>\n<p><strong>G\u00e9rard du d\u00e9sespoir masculin :<br \/>\n<\/strong>Jean Reno dans L&rsquo;Immortel<br \/>\nDaniel Auteuil dans Donnant, donnant<br \/>\nFabrice Ebou\u00e9 dans Fatal<br \/>\nFranck Dubosc dans Camping 2<br \/>\nBenoit Magimel dans L&rsquo;Avocat<br \/>\nRichard Berry dans l&rsquo;Immortel<\/p>\n<p><strong>G\u00e9rard du plus mauvais film de l&rsquo;ann\u00e9e (et probablement de la d\u00e9cennie) :<br \/>\n<\/strong>Camping 2<br \/>\nLa Rafle<br \/>\nLes Aventures d&rsquo;Ad\u00e8le Blanc-Sec<br \/>\nL&rsquo;Immortel<br \/>\nImog\u00e8ne McCarthery<br \/>\nEnter the Void<\/p>\n<\/div>\n<div id=\"themify_builder_content-6236\" data-postid=\"6236\" class=\"themify_builder_content themify_builder_content-6236 themify_builder\">\n    <\/div>\n<!-- \/themify_builder_content -->\n","protected":false},"excerpt":{"rendered":"<p>Stan&amp;Dam sont des fans des G\u00e9rards du Cin\u00e9ma. L&rsquo;an dernier d\u00e9j\u00e0\u00a0nous avions \u00e9t\u00e9 accr\u00e9dit\u00e9s pour vous en faire d\u00e9couvrir les coulisses et prendre la temp\u00e9rature des nomin\u00e9s, petit cadeau souvenir : [youtube spSxPHgoUMk] Premi\u00e8re les trouve\u00a0en baisse de forme (ce qui n&rsquo;est pas forc\u00e9ment faux sur une ou deux cat\u00e9gories), il faut bien dire qu&rsquo;ils [&hellip;]<\/p>\n","protected":false},"author":3,"featured_media":0,"comment_status":"open","ping_status":"open","sticky":false,"template":"","format":"standard","meta":{"footnotes":""},"categories":[3],"tags":[2175,2861],"class_list":["post-6236","post","type-post","status-publish","format-standard","hentry","category-sd-usages","tag-les-gerard-du-cinema","tag-paris-premiere","has-post-title","has-post-date","has-post-category","has-post-tag","has-post-comment","has-post-author",""],"builder_content":"","_links":{"self":[{"href":"https:\/\/stanetdam.com\/index.php?rest_route=\/wp\/v2\/posts\/6236","targetHints":{"allow":["GET"]}}],"collection":[{"href":"https:\/\/stanetdam.com\/index.php?rest_route=\/wp\/v2\/posts"}],"about":[{"href":"https:\/\/stanetdam.com\/index.php?rest_route=\/wp\/v2\/types\/post"}],"author":[{"embeddable":true,"href":"https:\/\/stanetdam.com\/index.php?rest_route=\/wp\/v2\/users\/3"}],"replies":[{"embeddable":true,"href":"https:\/\/stanetdam.com\/index.php?rest_route=%2Fwp%2Fv2%2Fcomments&post=6236"}],"version-history":[{"count":0,"href":"https:\/\/stanetdam.com\/index.php?rest_route=\/wp\/v2\/posts\/6236\/revisions"}],"wp:attachment":[{"href":"https:\/\/stanetdam.com\/index.php?rest_route=%2Fwp%2Fv2%2Fmedia&parent=6236"}],"wp:term":[{"taxonomy":"category","embeddable":true,"href":"https:\/\/stanetdam.com\/index.php?rest_route=%2Fwp%2Fv2%2Fcategories&post=6236"},{"taxonomy":"post_tag","embeddable":true,"href":"https:\/\/stanetdam.com\/index.php?rest_route=%2Fwp%2Fv2%2Ftags&post=6236"}],"curies":[{"name":"wp","href":"https:\/\/api.w.org\/{rel}","templated":true}]}}