{"id":6230,"date":"2011-02-04T10:30:07","date_gmt":"2011-02-04T09:30:07","guid":{"rendered":"http:\/\/www.stanetdam.com\/?p=6230"},"modified":"2011-02-04T10:30:07","modified_gmt":"2011-02-04T09:30:07","slug":"social-media-week-demandez-le-programme","status":"publish","type":"post","link":"https:\/\/stanetdam.com\/?p=6230","title":{"rendered":"Social Media Week : demandez le programme !"},"content":{"rendered":"<p style=\"text-align: center;\"><img loading=\"lazy\" decoding=\"async\" class=\"aligncenter\" title=\"social media week\" src=\"http:\/\/www.bitecommunications.com\/wp-content\/uploads\/2010\/02\/social-media-week2.jpg\" alt=\"\" width=\"350\" height=\"220\" \/><\/p>\n<p style=\"text-align: left;\">La Social Media Week aura lieu toute la semaine prochaine, avec un programme de choix, jugez plut\u00f4t :<\/p>\n<p>La curation, avenir du web?\tH\u00e9micycle du conseil r\u00e9gional d&rsquo;\u00cele-de-France\t7 f\u00e9vrier 2011 16:30<br \/>\nLa t\u00e9l\u00e9vision connect\u00e9e II\tCentre d&rsquo;Analyse Strat\u00e9gique\t7 f\u00e9vrier 2011 17:30<br \/>\nEvolution ou r\u00e9volution : comment les m\u00e9dias sociaux changent-ils l&rsquo;engagement des citoyens dans la politique ?\tSciences Po Paris &#8211; Salle Annick Percheron\t7 f\u00e9vrier 2011 18:00<br \/>\nSoir\u00e9e d&rsquo;ouverture\tSalle des f\u00eates de la Mairie du 4\u00e8me arrondissement\t7 f\u00e9vrier 2011 20:00<\/p>\n<p>Faire la r\u00e9volution sur Twitter ? \/ Celsa \/ 8 f\u00e9vrier 2011 18:30<br \/>\nTechMAP Paris Launch \/ Next &amp; CoWorking \/ 8 f\u00e9vrier 2011 19:00<br \/>\nComment le monde du vin rel\u00e8ve t-il le d\u00e9fi des r\u00e9seaux sociaux ? \/ La Cantine \/ 8 f\u00e9vrier 2011 19:30<\/p>\n<p>Comment les r\u00e9seaux sociaux transforment les organisations \/ F\u00e9d\u00e9ration des Industries Electriques, Electroniques et de Communication \/ 9 f\u00e9vrier 2011 10:00<br \/>\nHuman Resources : war for talent \/ Ecole Sup\u00e9rieure de Publicit\u00e9 \/ 9 f\u00e9vrier 2011 15:00<br \/>\nLa gastronomie, un social media parmi d&rsquo;autres \/ La Cantine \/ 9 f\u00e9vrier 2011 18:00<br \/>\nQuand la culture fait l\u2019\u00e9v\u00e9nement sur le web \/ Forum des Images &#8211; salle 100 \/ 9 f\u00e9vrier 2011 18:15<br \/>\nCommunaut\u00e9s de lecteurs et r\u00e9dactions : liaisons dangereuses ? \/ Maison des m\u00e9tallos \/ 9 f\u00e9vrier 2011 19:00<br \/>\nJESUISMORT \/ La Cantine\t\/ 9 f\u00e9vrier 2011 20:30<br \/>\nDemain : en quoi l&rsquo;interaction changera-t-elle la narration ?\t \/ Schmuck \/ 9 f\u00e9vrier 2011 20:30<\/p>\n<p>Le luxe a-t-il sa place sur les r\u00e9seaux sociaux ? \/ 10 f\u00e9vrier 2011 08:30<br \/>\nSocial CRM \/ Palais Brongniart \/ 10 f\u00e9vrier 2011 08:30<br \/>\nWorkshops : Privacy and Social Media &#8211; Hacktivism \/ AUP (American University of Paris) \/ 10 f\u00e9vrier 2011 17:00<br \/>\nMasterclass : Comment les r\u00e9seaux sociaux redynamisent-ils le journalisme d&rsquo;investigation ? \/ Ecole de journalisme de Sciences Po Paris \/ 10 f\u00e9vrier 2011 18:00<br \/>\nTwitter, Facebook, Youtube etc. : des outils pour r\u00e9pondre \u00e0 la crise d\u00e9mocratique ? \/ Goethe Institut \/ 10 f\u00e9vrier 2011 18:30<br \/>\nSocial Media : Quelle place pour le citoyen au coeur du processus l\u00e9gislatif ? \/ Assembl\u00e9e Nationale \/ 10 f\u00e9vrier 2011 18:45<br \/>\nSocial Commerce : de la recommandation \u00e0 l&rsquo;achat &#8211; Social Media Club \/ La Cantine \/ 10 f\u00e9vrier 2011 19:00<\/p>\n<p>Les m\u00e9dias sociaux et le march\u00e9 de l&rsquo;immobilier \/ Foncier Home \/ 11 f\u00e9vrier 2011 09:00<br \/>\nInternet remplacera-t-il les m\u00e9decins ?\t\/ Mairie du 4e \/ 11 f\u00e9vrier 2011 11:30<br \/>\n\u00ab\u00a0L&rsquo;impact des m\u00e9dias sociaux et de la r\u00e9volution digitale sur l&rsquo;univers musical: \u00e9volutions et opportunit\u00e9s\u00a0\u00bb. \/ Th\u00e9\u00e2tre Comedia \/ 11 f\u00e9vrier 2011 14:00<br \/>\nTravel and social media \/ Th\u00e9\u00e2tre Comedia \/ 11 f\u00e9vrier 2011 15:00<br \/>\nLa politesse sur les r\u00e9seaux sociaux \/ Radio France \/ 11 f\u00e9vrier 2011 16:00<br \/>\nD\u00e9bat de cl\u00f4ture : le web sauvera-t-il la plan\u00e8te ?\t \/ Espace des Blancs Manteaux \/ 11 f\u00e9vrier 2011 19:00<br \/>\nBye Bye Social Media Week \/ Le Renard \/ 11 f\u00e9vrier 2011 23:00<\/p>\n<p>Pour vous inscrire, <a href=\"http:\/\/www.amiando.com\/marques-medias.html?page=480930\" target=\"_blank\" rel=\"noopener noreferrer\">c&rsquo;est ici<\/a>.<\/p>\n<p>Je serai \u00e0 la conf\u00e9rence sur la \u00ab\u00a0curation\u00a0\u00bb(quel horrible mot), faites signe si vous avez envie d&rsquo;\u00e9changer quelques mots !<\/p>\n<div id=\"themify_builder_content-6230\" data-postid=\"6230\" class=\"themify_builder_content themify_builder_content-6230 themify_builder\">\n    <\/div>\n<!-- \/themify_builder_content -->\n","protected":false},"excerpt":{"rendered":"<p>La Social Media Week aura lieu toute la semaine prochaine, avec un programme de choix, jugez plut\u00f4t : La curation, avenir du web? H\u00e9micycle du conseil r\u00e9gional d&rsquo;\u00cele-de-France 7 f\u00e9vrier 2011 16:30 La t\u00e9l\u00e9vision connect\u00e9e II Centre d&rsquo;Analyse Strat\u00e9gique 7 f\u00e9vrier 2011 17:30 Evolution ou r\u00e9volution : comment les m\u00e9dias sociaux changent-ils l&rsquo;engagement des citoyens [&hellip;]<\/p>\n","protected":false},"author":3,"featured_media":0,"comment_status":"open","ping_status":"open","sticky":false,"template":"","format":"standard","meta":{"footnotes":""},"categories":[3],"tags":[3510],"class_list":["post-6230","post","type-post","status-publish","format-standard","hentry","category-sd-usages","tag-social-media-week","has-post-title","has-post-date","has-post-category","has-post-tag","has-post-comment","has-post-author",""],"builder_content":"","_links":{"self":[{"href":"https:\/\/stanetdam.com\/index.php?rest_route=\/wp\/v2\/posts\/6230","targetHints":{"allow":["GET"]}}],"collection":[{"href":"https:\/\/stanetdam.com\/index.php?rest_route=\/wp\/v2\/posts"}],"about":[{"href":"https:\/\/stanetdam.com\/index.php?rest_route=\/wp\/v2\/types\/post"}],"author":[{"embeddable":true,"href":"https:\/\/stanetdam.com\/index.php?rest_route=\/wp\/v2\/users\/3"}],"replies":[{"embeddable":true,"href":"https:\/\/stanetdam.com\/index.php?rest_route=%2Fwp%2Fv2%2Fcomments&post=6230"}],"version-history":[{"count":0,"href":"https:\/\/stanetdam.com\/index.php?rest_route=\/wp\/v2\/posts\/6230\/revisions"}],"wp:attachment":[{"href":"https:\/\/stanetdam.com\/index.php?rest_route=%2Fwp%2Fv2%2Fmedia&parent=6230"}],"wp:term":[{"taxonomy":"category","embeddable":true,"href":"https:\/\/stanetdam.com\/index.php?rest_route=%2Fwp%2Fv2%2Fcategories&post=6230"},{"taxonomy":"post_tag","embeddable":true,"href":"https:\/\/stanetdam.com\/index.php?rest_route=%2Fwp%2Fv2%2Ftags&post=6230"}],"curies":[{"name":"wp","href":"https:\/\/api.w.org\/{rel}","templated":true}]}}