{"id":6196,"date":"2011-01-24T15:44:36","date_gmt":"2011-01-24T14:44:36","guid":{"rendered":"http:\/\/www.stanetdam.com\/pascal-negre-souhaite-limiter-deezer\/"},"modified":"2011-01-24T15:44:36","modified_gmt":"2011-01-24T14:44:36","slug":"pascal-negre-souhaite-limiter-deezer","status":"publish","type":"post","link":"https:\/\/stanetdam.com\/?p=6196","title":{"rendered":"Pascal N\u00e8gre souhaite limiter Deezer"},"content":{"rendered":"<p>Cet article est issu de la veille quotidienne de Stan&#038;Dam. Ils aiment mettre en avant des informations int\u00e9ressantes vues sur le web, et les partager.<br \/>\n<br \/>\n<span style=\"font-style: italic; color: rgb(153, 153, 153);\"><\/p>\n<p> Shared by stanthewizard Sacr\u00e9 Pascal Tu vas nous faire rire encore longtemps &#8230; en m\u00eame temps tu n&rsquo;es plus tout jeune non plus Pascal N\u00e8gre, le patron d\u2019 Universal Music souhaite limiter le mod\u00e8le des plateformes de streaming de musique gratuite en contrepartie de publicit\u00e9. <\/p>\n<p><\/span><br \/>\nLire l&rsquo;article original ici:<br \/>\n<a target=\"_blank\" href=\"http:\/\/www.begeek.fr\/pascal-negre-souhaite-limiter-deezer-29504\" title=\"Pascal N\u00e8gre souhaite limiter Deezer\" rel=\"noopener noreferrer\">Pascal N\u00e8gre souhaite limiter Deezer<\/a><\/p>\n<div id=\"themify_builder_content-6196\" data-postid=\"6196\" class=\"themify_builder_content themify_builder_content-6196 themify_builder\">\n    <\/div>\n<!-- \/themify_builder_content -->\n","protected":false},"excerpt":{"rendered":"<p> Shared by stanthewizard Sacr\u00e9 Pascal Tu vas nous faire rire encore longtemps &#8230; en m\u00eame temps tu n&rsquo;es plus tout jeune non plus Pascal N\u00e8gre, le patron d\u2019 Universal Music souhaite limiter le mod\u00e8le des plateformes de streaming de musique gratuite en contrepartie de publicit\u00e9. <\/p>\n","protected":false},"author":2,"featured_media":0,"comment_status":"open","ping_status":"open","sticky":false,"template":"","format":"standard","meta":{"footnotes":""},"categories":[6],"tags":[498,980,1428,1589,1650,1651,2606,2789,2883,2896,3192,3246,3982,4015],"class_list":["post-6196","post","type-post","status-publish","format-standard","hentry","category-liens-automatiques","tag-bonheur","tag-deezer","tag-france","tag-google","tag-gratuite","tag-gre","tag-music","tag-orange","tag-pascal","tag-patron","tag-reader","tag-result","tag-universal","tag-veille","has-post-title","has-post-date","has-post-category","has-post-tag","has-post-comment","has-post-author",""],"builder_content":"","_links":{"self":[{"href":"https:\/\/stanetdam.com\/index.php?rest_route=\/wp\/v2\/posts\/6196","targetHints":{"allow":["GET"]}}],"collection":[{"href":"https:\/\/stanetdam.com\/index.php?rest_route=\/wp\/v2\/posts"}],"about":[{"href":"https:\/\/stanetdam.com\/index.php?rest_route=\/wp\/v2\/types\/post"}],"author":[{"embeddable":true,"href":"https:\/\/stanetdam.com\/index.php?rest_route=\/wp\/v2\/users\/2"}],"replies":[{"embeddable":true,"href":"https:\/\/stanetdam.com\/index.php?rest_route=%2Fwp%2Fv2%2Fcomments&post=6196"}],"version-history":[{"count":0,"href":"https:\/\/stanetdam.com\/index.php?rest_route=\/wp\/v2\/posts\/6196\/revisions"}],"wp:attachment":[{"href":"https:\/\/stanetdam.com\/index.php?rest_route=%2Fwp%2Fv2%2Fmedia&parent=6196"}],"wp:term":[{"taxonomy":"category","embeddable":true,"href":"https:\/\/stanetdam.com\/index.php?rest_route=%2Fwp%2Fv2%2Fcategories&post=6196"},{"taxonomy":"post_tag","embeddable":true,"href":"https:\/\/stanetdam.com\/index.php?rest_route=%2Fwp%2Fv2%2Ftags&post=6196"}],"curies":[{"name":"wp","href":"https:\/\/api.w.org\/{rel}","templated":true}]}}