{"id":6169,"date":"2011-01-21T08:07:58","date_gmt":"2011-01-21T07:07:58","guid":{"rendered":"http:\/\/www.stanetdam.com\/xbmc-sur-ios\/"},"modified":"2011-01-21T08:07:58","modified_gmt":"2011-01-21T07:07:58","slug":"xbmc-sur-ios","status":"publish","type":"post","link":"https:\/\/stanetdam.com\/?p=6169","title":{"rendered":"XBMC sur iOS"},"content":{"rendered":"<p>Cet article est issu de la veille quotidienne de Stan&#038;Dam. Ils aiment mettre en avant des informations int\u00e9ressantes vues sur le web, et les partager.<br \/>\n<br \/>\n<span style=\"font-style: italic; color: rgb(153, 153, 153);\"><\/p>\n<p> Evidemment, \u00e7a ne marchera pas sur un appareil iOS non jailbreak\u00e9 mais sachez que le MediaCenter le plus connu vient de faire ses premiers pas sur iOS nouvelle g\u00e9n\u00e9ration, \u00e0 savoir iPhone 4, iPad et surtout le nouvel Apple TV2. Je ne vous pr\u00e9sente plus XBMC qui sait lire \u00e0 peu-pr\u00e8s tous les contenus multim\u00e9dias actuels. On notera aussi le support du 1080p sur l\u2019Apple TV2 alors que c\u2019est brid\u00e9 par d\u00e9faut par Apple au 720p. <\/p>\n<p><\/span><br \/>\nLire l&rsquo;article original ici:<br \/>\n<a target=\"_blank\" href=\"http:\/\/feedproxy.google.com\/~r\/LeJournalDuGeek\/~3\/4POwOSN9yC4\/\" title=\"XBMC sur iOS\" rel=\"noopener noreferrer\">XBMC sur iOS<\/a><\/p>\n<div id=\"themify_builder_content-6169\" data-postid=\"6169\" class=\"themify_builder_content themify_builder_content-6169 themify_builder\">\n    <\/div>\n<!-- \/themify_builder_content -->\n","protected":false},"excerpt":{"rendered":"<p> Evidemment, \u00e7a ne marchera pas sur un appareil iOS non jailbreak\u00e9 mais sachez que le MediaCenter le plus connu vient de faire ses premiers pas sur iOS nouvelle g\u00e9n\u00e9ration, \u00e0 savoir iPhone 4, iPad et surtout le nouvel Apple TV2. Je ne vous pr\u00e9sente plus XBMC qui sait lire \u00e0 peu-pr\u00e8s tous les contenus multim\u00e9dias actuels. On notera aussi le support du 1080p sur l\u2019Apple TV2 alors que c\u2019est brid\u00e9 par d\u00e9faut par Apple au 720p. <\/p>\n","protected":false},"author":2,"featured_media":0,"comment_status":"open","ping_status":"open","sticky":false,"template":"","format":"standard","meta":{"footnotes":""},"categories":[6],"tags":[256,1589,1617,1899,2006,2222,3192,3246,4015],"class_list":["post-6169","post","type-post","status-publish","format-standard","hentry","category-liens-automatiques","tag-apple","tag-google","tag-google-reader","tag-iphone","tag-journaldugeek","tag-lifestream","tag-reader","tag-result","tag-veille","has-post-title","has-post-date","has-post-category","has-post-tag","has-post-comment","has-post-author",""],"builder_content":"","_links":{"self":[{"href":"https:\/\/stanetdam.com\/index.php?rest_route=\/wp\/v2\/posts\/6169","targetHints":{"allow":["GET"]}}],"collection":[{"href":"https:\/\/stanetdam.com\/index.php?rest_route=\/wp\/v2\/posts"}],"about":[{"href":"https:\/\/stanetdam.com\/index.php?rest_route=\/wp\/v2\/types\/post"}],"author":[{"embeddable":true,"href":"https:\/\/stanetdam.com\/index.php?rest_route=\/wp\/v2\/users\/2"}],"replies":[{"embeddable":true,"href":"https:\/\/stanetdam.com\/index.php?rest_route=%2Fwp%2Fv2%2Fcomments&post=6169"}],"version-history":[{"count":0,"href":"https:\/\/stanetdam.com\/index.php?rest_route=\/wp\/v2\/posts\/6169\/revisions"}],"wp:attachment":[{"href":"https:\/\/stanetdam.com\/index.php?rest_route=%2Fwp%2Fv2%2Fmedia&parent=6169"}],"wp:term":[{"taxonomy":"category","embeddable":true,"href":"https:\/\/stanetdam.com\/index.php?rest_route=%2Fwp%2Fv2%2Fcategories&post=6169"},{"taxonomy":"post_tag","embeddable":true,"href":"https:\/\/stanetdam.com\/index.php?rest_route=%2Fwp%2Fv2%2Ftags&post=6169"}],"curies":[{"name":"wp","href":"https:\/\/api.w.org\/{rel}","templated":true}]}}