{"id":6045,"date":"2010-12-30T09:14:30","date_gmt":"2010-12-30T08:14:30","guid":{"rendered":"http:\/\/www.stanetdam.com\/leffet-iphone-et-la-montee-des-vols-dans-le-metro-parisien\/"},"modified":"2010-12-30T09:14:30","modified_gmt":"2010-12-30T08:14:30","slug":"leffet-iphone-et-la-montee-des-vols-dans-le-metro-parisien","status":"publish","type":"post","link":"https:\/\/stanetdam.com\/?p=6045","title":{"rendered":"L&rsquo;effet iPhone et la mont\u00e9e des vols dans le m\u00e9tro parisien"},"content":{"rendered":"<p>Stan&#038;Dam vous propose d\u00e9sormais de suivre leur lifestream. Il s\u2019agit de mettre en avant des informations int\u00e9ressantes vues sur le web, et de les faire partager \u00e0 la communaut\u00e9 du site S&#038;D. Stan a remarqu\u00e9 dans ses flux RSS le sujet suivant :<br \/>\n<br \/>\n<span style=\"font-style: italic; color: rgb(153, 153, 153);\"><\/p>\n<p>La pr\u00e9fecture de police de Paris, dans un document interne dat\u00e9 du 22 d\u00e9cembre que s&rsquo;est procur\u00e9 le Figaro, met en corr\u00e9lation l&rsquo;iPhone et l&rsquo;augmentation des vols avec violence dans les transports en commun parisiens, un ph\u00e9nom\u00e8ne pour moiti\u00e9 localis\u00e9 au centre de Paris, pour moiti\u00e9&#8230;<\/p>\n<p><\/span><br \/>\nLire l&rsquo;article original ici:<br \/>\n<a target=\"_blank\" href=\"http:\/\/www.mac4ever.com\/news\/59740\/l_effet_iphone_et_la_montee_des_vols_dans_le_metro_parisien\/\" title=\"L'effet iPhone et la mont\u00e9e des vols dans le m\u00e9tro parisien\" rel=\"noopener noreferrer\">L&rsquo;effet iPhone et la mont\u00e9e des vols dans le m\u00e9tro parisien<\/a><\/p>\n<div id=\"themify_builder_content-6045\" data-postid=\"6045\" class=\"themify_builder_content themify_builder_content-6045 themify_builder\">\n    <\/div>\n<!-- \/themify_builder_content -->\n","protected":false},"excerpt":{"rendered":"<p>La pr\u00e9fecture de police de Paris, dans un document interne dat\u00e9 du 22 d\u00e9cembre que s&rsquo;est procur\u00e9 le Figaro, met en corr\u00e9lation l&rsquo;iPhone et l&rsquo;augmentation des vols avec violence dans les transports en commun parisiens, un ph\u00e9nom\u00e8ne pour moiti\u00e9 localis\u00e9 au centre de Paris, pour moiti\u00e9&#8230;<\/p>\n","protected":false},"author":2,"featured_media":0,"comment_status":"open","ping_status":"open","sticky":false,"template":"","format":"standard","meta":{"footnotes":""},"categories":[6],"tags":[663,1330,1899,2222,2857,3021,3192,3246,4053],"class_list":["post-6045","post","type-post","status-publish","format-standard","hentry","category-liens-automatiques","tag-centre","tag-fecture","tag-iphone","tag-lifestream","tag-paris","tag-police","tag-reader","tag-result","tag-violence","has-post-title","has-post-date","has-post-category","has-post-tag","has-post-comment","has-post-author",""],"builder_content":"","_links":{"self":[{"href":"https:\/\/stanetdam.com\/index.php?rest_route=\/wp\/v2\/posts\/6045","targetHints":{"allow":["GET"]}}],"collection":[{"href":"https:\/\/stanetdam.com\/index.php?rest_route=\/wp\/v2\/posts"}],"about":[{"href":"https:\/\/stanetdam.com\/index.php?rest_route=\/wp\/v2\/types\/post"}],"author":[{"embeddable":true,"href":"https:\/\/stanetdam.com\/index.php?rest_route=\/wp\/v2\/users\/2"}],"replies":[{"embeddable":true,"href":"https:\/\/stanetdam.com\/index.php?rest_route=%2Fwp%2Fv2%2Fcomments&post=6045"}],"version-history":[{"count":0,"href":"https:\/\/stanetdam.com\/index.php?rest_route=\/wp\/v2\/posts\/6045\/revisions"}],"wp:attachment":[{"href":"https:\/\/stanetdam.com\/index.php?rest_route=%2Fwp%2Fv2%2Fmedia&parent=6045"}],"wp:term":[{"taxonomy":"category","embeddable":true,"href":"https:\/\/stanetdam.com\/index.php?rest_route=%2Fwp%2Fv2%2Fcategories&post=6045"},{"taxonomy":"post_tag","embeddable":true,"href":"https:\/\/stanetdam.com\/index.php?rest_route=%2Fwp%2Fv2%2Ftags&post=6045"}],"curies":[{"name":"wp","href":"https:\/\/api.w.org\/{rel}","templated":true}]}}