{"id":6019,"date":"2010-12-24T07:58:35","date_gmt":"2010-12-24T06:58:35","guid":{"rendered":"http:\/\/www.stanetdam.com\/l%e2%80%99ipad-2-serait-plus-fin-et-aurait-des-haut-parleurs-beaucoup-plus-grands\/"},"modified":"2010-12-24T07:58:35","modified_gmt":"2010-12-24T06:58:35","slug":"lipad-2-serait-plus-fin-et-aurait-des-haut-parleurs-beaucoup-plus-grands","status":"publish","type":"post","link":"https:\/\/stanetdam.com\/?p=6019","title":{"rendered":"L\u2019iPad 2 serait plus fin, et aurait des haut-parleurs beaucoup plus grands"},"content":{"rendered":"<p>Stan&#038;Dam vous propose d\u00e9sormais de suivre leur lifestream. Il s\u2019agit de mettre en avant des informations int\u00e9ressantes vues sur le web, et de les faire partager \u00e0 la communaut\u00e9 du site S&#038;D. Stan a remarqu\u00e9 dans ses flux RSS le sujet suivant :<br \/>\n<br \/>\n<span style=\"font-style: italic; color: rgb(153, 153, 153);\"><\/p>\n<p> Un fanboy japonais a donn\u00e9 sur son blog Kanteidan (en citant une source chinoise) un grand nombre de pr\u00e9cisions sur la future g\u00e9n\u00e9ration d\u2019iPads. La coque de l\u2019iPad 2 serait significativement chang\u00e9e par rapport au mod\u00e8le actuel. Il mesurera 23.9\u00d718.6 cm, ce qui le rend plus fin que l\u2019iPad 1 (qui fait 24.28\u00d718.97 cm)<\/p>\n<p><\/span><br \/>\nLire l&rsquo;article original ici:<br \/>\n<a target=\"_blank\" href=\"http:\/\/www.abricocotier.fr\/13818-ipad2-plus-fin-haut-parleurs\" title=\"L\u2019iPad 2 serait plus fin, et aurait des haut-parleurs beaucoup plus grands\" rel=\"noopener noreferrer\">L\u2019iPad 2 serait plus fin, et aurait des haut-parleurs beaucoup plus grands<\/a><\/p>\n<div id=\"themify_builder_content-6019\" data-postid=\"6019\" class=\"themify_builder_content themify_builder_content-6019 themify_builder\">\n    <\/div>\n<!-- \/themify_builder_content -->\n","protected":false},"excerpt":{"rendered":"<p> Un fanboy japonais a donn\u00e9 sur son blog Kanteidan (en citant une source chinoise) un grand nombre de pr\u00e9cisions sur la future g\u00e9n\u00e9ration d\u2019iPads. La coque de l\u2019iPad 2 serait significativement chang\u00e9e par rapport au mod\u00e8le actuel. Il mesurera 23.9\u00d718.6 cm, ce qui le rend plus fin que l\u2019iPad 1 (qui fait 24.28\u00d718.97 cm)<\/p>\n","protected":false},"author":2,"featured_media":0,"comment_status":"open","ping_status":"open","sticky":false,"template":"","format":"standard","meta":{"footnotes":""},"categories":[6],"tags":[256,1370,1589,1617,2222,2757,2993,3192,3246,3542,4023],"class_list":["post-6019","post","type-post","status-publish","format-standard","hentry","category-liens-automatiques","tag-apple","tag-finis","tag-google","tag-google-reader","tag-lifestream","tag-officielle","tag-plat","tag-reader","tag-result","tag-sortie","tag-versions","has-post-title","has-post-date","has-post-category","has-post-tag","has-post-comment","has-post-author",""],"builder_content":"","_links":{"self":[{"href":"https:\/\/stanetdam.com\/index.php?rest_route=\/wp\/v2\/posts\/6019","targetHints":{"allow":["GET"]}}],"collection":[{"href":"https:\/\/stanetdam.com\/index.php?rest_route=\/wp\/v2\/posts"}],"about":[{"href":"https:\/\/stanetdam.com\/index.php?rest_route=\/wp\/v2\/types\/post"}],"author":[{"embeddable":true,"href":"https:\/\/stanetdam.com\/index.php?rest_route=\/wp\/v2\/users\/2"}],"replies":[{"embeddable":true,"href":"https:\/\/stanetdam.com\/index.php?rest_route=%2Fwp%2Fv2%2Fcomments&post=6019"}],"version-history":[{"count":0,"href":"https:\/\/stanetdam.com\/index.php?rest_route=\/wp\/v2\/posts\/6019\/revisions"}],"wp:attachment":[{"href":"https:\/\/stanetdam.com\/index.php?rest_route=%2Fwp%2Fv2%2Fmedia&parent=6019"}],"wp:term":[{"taxonomy":"category","embeddable":true,"href":"https:\/\/stanetdam.com\/index.php?rest_route=%2Fwp%2Fv2%2Fcategories&post=6019"},{"taxonomy":"post_tag","embeddable":true,"href":"https:\/\/stanetdam.com\/index.php?rest_route=%2Fwp%2Fv2%2Ftags&post=6019"}],"curies":[{"name":"wp","href":"https:\/\/api.w.org\/{rel}","templated":true}]}}