{"id":5996,"date":"2010-12-22T15:38:41","date_gmt":"2010-12-22T14:38:41","guid":{"rendered":"http:\/\/www.stanetdam.com\/des-deputes-ump-sopposent-parfois-a-des-sanctions-sans-juge\/"},"modified":"2010-12-22T15:38:41","modified_gmt":"2010-12-22T14:38:41","slug":"des-deputes-ump-sopposent-parfois-a-des-sanctions-sans-juge","status":"publish","type":"post","link":"https:\/\/stanetdam.com\/?p=5996","title":{"rendered":"Des d\u00e9put\u00e9s UMP s&rsquo;opposent (parfois) \u00e0 des sanctions sans juge"},"content":{"rendered":"<p>Stan&#038;Dam vous propose d\u00e9sormais de suivre leur lifestream. Il s\u2019agit de mettre en avant des informations int\u00e9ressantes vues sur le web, et de les faire partager \u00e0 la communaut\u00e9 du site S&#038;D. Stan a remarqu\u00e9 dans ses flux RSS le sujet suivant :<br \/>\n<br \/>\n<span style=\"font-style: italic; color: rgb(153, 153, 153);\"><\/p>\n<p>Les d\u00e9put\u00e9s UMP ont vot\u00e9 hier un amendement qui sanctionne la divulgation des documents sur le patrimoine des \u00e9lus et d\u00e9cid\u00e9 par une Commission pour la transparence financi\u00e8re, compos\u00e9e de hauts magistrats du Conseil d&rsquo;\u00c9tat, de la Cour des comptes &#8230;<\/p>\n<p><\/span><br \/>\nLire l&rsquo;article original ici:<br \/>\n<a target=\"_blank\" href=\"http:\/\/www.pcinpact.com\/actu\/news\/60996-loppsi-juge-autorite-controle-jacob.htm\" title=\"Des d\u00e9put\u00e9s UMP s'opposent (parfois) \u00e0 des sanctions sans juge\" rel=\"noopener noreferrer\">Des d\u00e9put\u00e9s UMP s&rsquo;opposent (parfois) \u00e0 des sanctions sans juge<\/a><\/p>\n<div id=\"themify_builder_content-5996\" data-postid=\"5996\" class=\"themify_builder_content themify_builder_content-5996 themify_builder\">\n    <\/div>\n<!-- \/themify_builder_content -->\n","protected":false},"excerpt":{"rendered":"<p>Les d\u00e9put\u00e9s UMP ont vot\u00e9 hier un amendement qui sanctionne la divulgation des documents sur le patrimoine des \u00e9lus et d\u00e9cid\u00e9 par une Commission pour la transparence financi\u00e8re, compos\u00e9e de hauts magistrats du Conseil d&rsquo;\u00c9tat, de la Cour des comptes &#8230;<\/p>\n","protected":false},"author":2,"featured_media":0,"comment_status":"open","ping_status":"open","sticky":false,"template":"","format":"standard","meta":{"footnotes":""},"categories":[6],"tags":[3192,3591,4015],"class_list":["post-5996","post","type-post","status-publish","format-standard","hentry","category-liens-automatiques","tag-reader","tag-stan","tag-veille","has-post-title","has-post-date","has-post-category","has-post-tag","has-post-comment","has-post-author",""],"builder_content":"","_links":{"self":[{"href":"https:\/\/stanetdam.com\/index.php?rest_route=\/wp\/v2\/posts\/5996","targetHints":{"allow":["GET"]}}],"collection":[{"href":"https:\/\/stanetdam.com\/index.php?rest_route=\/wp\/v2\/posts"}],"about":[{"href":"https:\/\/stanetdam.com\/index.php?rest_route=\/wp\/v2\/types\/post"}],"author":[{"embeddable":true,"href":"https:\/\/stanetdam.com\/index.php?rest_route=\/wp\/v2\/users\/2"}],"replies":[{"embeddable":true,"href":"https:\/\/stanetdam.com\/index.php?rest_route=%2Fwp%2Fv2%2Fcomments&post=5996"}],"version-history":[{"count":0,"href":"https:\/\/stanetdam.com\/index.php?rest_route=\/wp\/v2\/posts\/5996\/revisions"}],"wp:attachment":[{"href":"https:\/\/stanetdam.com\/index.php?rest_route=%2Fwp%2Fv2%2Fmedia&parent=5996"}],"wp:term":[{"taxonomy":"category","embeddable":true,"href":"https:\/\/stanetdam.com\/index.php?rest_route=%2Fwp%2Fv2%2Fcategories&post=5996"},{"taxonomy":"post_tag","embeddable":true,"href":"https:\/\/stanetdam.com\/index.php?rest_route=%2Fwp%2Fv2%2Ftags&post=5996"}],"curies":[{"name":"wp","href":"https:\/\/api.w.org\/{rel}","templated":true}]}}