{"id":5968,"date":"2010-12-16T13:45:50","date_gmt":"2010-12-16T12:45:50","guid":{"rendered":"http:\/\/www.stanetdam.com\/le-mac-app-store-d%e2%80%99apple-c%e2%80%99est-pour-le-6-janvier\/"},"modified":"2010-12-16T13:45:50","modified_gmt":"2010-12-16T12:45:50","slug":"le-mac-app-store-dapple-cest-pour-le-6-janvier","status":"publish","type":"post","link":"https:\/\/stanetdam.com\/?p=5968","title":{"rendered":"Le Mac App Store d\u2019Apple, c\u2019est pour le 6 janvier !"},"content":{"rendered":"<p>Stan&#038;Dam vous propose d\u00e9sormais de suivre leur lifestream. Il s\u2019agit de mettre en avant des informations int\u00e9ressantes vues sur le web, et de les faire partager \u00e0 la communaut\u00e9 du site S&#038;D. Stan a remarqu\u00e9 dans ses flux RSS le sujet suivant :<br \/>\n<br \/>\n<span style=\"font-style: italic; color: rgb(153, 153, 153);\"><\/p>\n<p> On vient de l\u2019apprendre : Apple lancera son Mac App Store (un AppStore destin\u00e9 \u00e0 OS X, si vous n\u2019avez pas tout suivi, mais qui devrait \u00eatre finalement assez \u201cferm\u00e9\u201d) le 6 janvier prochain dans plus de 90 pays. Commentaire (modeste, comme d\u2019habitude) de Steve Jobs sur le sujet : \u201cL\u2019App Store a r\u00e9volutionn\u00e9 les apps mobiles. Nous esp\u00e9rons faire la m\u00eame chose pour les apps PC avec le Mac App Store, en permettant de trouver et d\u2019acheter des apps PC de mani\u00e8re simple et ludique<\/p>\n<p><\/span><br \/>\nLire l&rsquo;article original ici:<br \/>\n<a target=\"_blank\" href=\"http:\/\/feedproxy.google.com\/~r\/LeJournalDuGeek\/~3\/hfQqwgCxf4A\/\" title=\"Le Mac App Store d\u2019Apple, c\u2019est pour le 6 janvier !\" rel=\"noopener noreferrer\">Le Mac App Store d\u2019Apple, c\u2019est pour le 6 janvier !<\/a><\/p>\n<div id=\"themify_builder_content-5968\" data-postid=\"5968\" class=\"themify_builder_content themify_builder_content-5968 themify_builder\">\n    <\/div>\n<!-- \/themify_builder_content -->\n","protected":false},"excerpt":{"rendered":"<p> On vient de l\u2019apprendre : Apple lancera son Mac App Store (un AppStore destin\u00e9 \u00e0 OS X, si vous n\u2019avez pas tout suivi, mais qui devrait \u00eatre finalement assez \u201cferm\u00e9\u201d) le 6 janvier prochain dans plus de 90 pays. Commentaire (modeste, comme d\u2019habitude) de Steve Jobs sur le sujet : \u201cL\u2019App Store a r\u00e9volutionn\u00e9 les apps mobiles. Nous esp\u00e9rons faire la m\u00eame chose pour les apps PC avec le Mac App Store, en permettant de trouver et d\u2019acheter des apps PC de mani\u00e8re simple et ludique<\/p>\n","protected":false},"author":2,"featured_media":0,"comment_status":"open","ping_status":"open","sticky":false,"template":"","format":"standard","meta":{"footnotes":""},"categories":[6],"tags":[256,792,1674,1990,2222,2296,2529,3246,3618],"class_list":["post-5968","post","type-post","status-publish","format-standard","hentry","category-liens-automatiques","tag-apple","tag-comme","tag-habitude","tag-jobs","tag-lifestream","tag-mac","tag-modeste","tag-result","tag-steve","has-post-title","has-post-date","has-post-category","has-post-tag","has-post-comment","has-post-author",""],"builder_content":"","_links":{"self":[{"href":"https:\/\/stanetdam.com\/index.php?rest_route=\/wp\/v2\/posts\/5968","targetHints":{"allow":["GET"]}}],"collection":[{"href":"https:\/\/stanetdam.com\/index.php?rest_route=\/wp\/v2\/posts"}],"about":[{"href":"https:\/\/stanetdam.com\/index.php?rest_route=\/wp\/v2\/types\/post"}],"author":[{"embeddable":true,"href":"https:\/\/stanetdam.com\/index.php?rest_route=\/wp\/v2\/users\/2"}],"replies":[{"embeddable":true,"href":"https:\/\/stanetdam.com\/index.php?rest_route=%2Fwp%2Fv2%2Fcomments&post=5968"}],"version-history":[{"count":0,"href":"https:\/\/stanetdam.com\/index.php?rest_route=\/wp\/v2\/posts\/5968\/revisions"}],"wp:attachment":[{"href":"https:\/\/stanetdam.com\/index.php?rest_route=%2Fwp%2Fv2%2Fmedia&parent=5968"}],"wp:term":[{"taxonomy":"category","embeddable":true,"href":"https:\/\/stanetdam.com\/index.php?rest_route=%2Fwp%2Fv2%2Fcategories&post=5968"},{"taxonomy":"post_tag","embeddable":true,"href":"https:\/\/stanetdam.com\/index.php?rest_route=%2Fwp%2Fv2%2Ftags&post=5968"}],"curies":[{"name":"wp","href":"https:\/\/api.w.org\/{rel}","templated":true}]}}