{"id":5946,"date":"2010-12-09T12:02:00","date_gmt":"2010-12-09T11:02:00","guid":{"rendered":"http:\/\/www.stanetdam.com\/apple-to-rely-on-intels-sandy-bridge-graphics-in-future-macbooks-amd-gpus-in-macbook-pros\/"},"modified":"2010-12-09T12:02:00","modified_gmt":"2010-12-09T11:02:00","slug":"apple-to-rely-on-intels-sandy-bridge-graphics-in-future-macbooks-amd-gpus-in-macbook-pros","status":"publish","type":"post","link":"https:\/\/stanetdam.com\/?p=5946","title":{"rendered":"Apple to rely on Intel&rsquo;s Sandy Bridge graphics in future MacBooks, AMD GPUs in MacBook Pros?"},"content":{"rendered":"<p>Stan&#038;Dam vous propose d\u00e9sormais de suivre leur lifestream. Il s\u2019agit de mettre en avant des informations int\u00e9ressantes vues sur le web, et de les faire partager \u00e0 la communaut\u00e9 du site S&#038;D. Stan a remarqu\u00e9 dans ses flux RSS le sujet suivant :<br \/>\n<br \/>\n<span style=\"font-style: italic; color: rgb(153, 153, 153);\"><\/p>\n<p> Apple will use Intel&rsquo;s Sandy Bridge CPUs in its future laptops, no surprises there, but what&rsquo;s interesting about these forthcoming machines is that some of them might rely solely on Intel&rsquo;s chip for both general and graphical processing tasks. That&rsquo;s the word from the usual \u00ab\u00a0sources familiar with Apple&rsquo;s plans,\u00a0\u00bb who expect \u00ab\u00a0MacBook models with screen sizes of 13 inches and below\u00a0\u00bb to eschew the inclusion of a discrete GPU and ride their luck on the improved graphical performance of Intel&rsquo;s upcoming do-it-all chip. There are currently no sub-13.3-inch MacBooks, so the suggestion of one is surely intriguing, but the major point here seems to be that NVIDIA&rsquo;s being left out of the Apple party, because MacBook Pros are also predicted to switch up to AMD-provided graphics hardware. All these changes should be taking place with Apple&rsquo;s next refresh, which is naturally expected at some point in the new year. <\/p>\n<p><\/span><br \/>\nLire l&rsquo;article original ici:<br \/>\n<a target=\"_blank\" href=\"http:\/\/www.engadget.com\/2010\/12\/09\/apple-to-rely-on-intels-sandy-bridge-graphics-in-future-macbook\/\" title=\"Apple to rely on Intel's Sandy Bridge graphics in future MacBooks, AMD GPUs in MacBook Pros?\" rel=\"noopener noreferrer\">Apple to rely on Intel&rsquo;s Sandy Bridge graphics in future MacBooks, AMD GPUs in MacBook Pros?<\/a><\/p>\n<div id=\"themify_builder_content-5946\" data-postid=\"5946\" class=\"themify_builder_content themify_builder_content-5946 themify_builder\">\n    <\/div>\n<!-- \/themify_builder_content -->\n","protected":false},"excerpt":{"rendered":"<p> Apple will use Intel&rsquo;s Sandy Bridge CPUs in its future laptops, no surprises there, but what&rsquo;s interesting about these forthcoming machines is that some of them might rely solely on Intel&rsquo;s chip for both general and graphical processing tasks. That&rsquo;s the word from the usual \u00ab\u00a0sources familiar with Apple&rsquo;s plans,\u00a0\u00bb who expect \u00ab\u00a0MacBook models with screen sizes of 13 inches and below\u00a0\u00bb to eschew the inclusion of a discrete GPU and ride their luck on the improved graphical performance of Intel&rsquo;s upcoming do-it-all chip. There are currently no sub-13.3-inch MacBooks, so the suggestion of one is surely intriguing, but the major point here seems to be that NVIDIA&rsquo;s being left out of the Apple party, because MacBook Pros are also predicted to switch up to AMD-provided graphics hardware. All these changes should be taking place with Apple&rsquo;s next refresh, which is naturally expected at some point in the new year. <\/p>\n","protected":false},"author":2,"featured_media":0,"comment_status":"open","ping_status":"open","sticky":false,"template":"","format":"standard","meta":{"footnotes":""},"categories":[6],"tags":[549,762,905,1197,1646,1820,2222,2919,3246,3591],"class_list":["post-5946","post","type-post","status-publish","format-standard","hentry","category-liens-automatiques","tag-bridge","tag-cnet","tag-cpus","tag-engadget","tag-graphical","tag-inclusion","tag-lifestream","tag-performance","tag-result","tag-stan","has-post-title","has-post-date","has-post-category","has-post-tag","has-post-comment","has-post-author",""],"builder_content":"","_links":{"self":[{"href":"https:\/\/stanetdam.com\/index.php?rest_route=\/wp\/v2\/posts\/5946","targetHints":{"allow":["GET"]}}],"collection":[{"href":"https:\/\/stanetdam.com\/index.php?rest_route=\/wp\/v2\/posts"}],"about":[{"href":"https:\/\/stanetdam.com\/index.php?rest_route=\/wp\/v2\/types\/post"}],"author":[{"embeddable":true,"href":"https:\/\/stanetdam.com\/index.php?rest_route=\/wp\/v2\/users\/2"}],"replies":[{"embeddable":true,"href":"https:\/\/stanetdam.com\/index.php?rest_route=%2Fwp%2Fv2%2Fcomments&post=5946"}],"version-history":[{"count":0,"href":"https:\/\/stanetdam.com\/index.php?rest_route=\/wp\/v2\/posts\/5946\/revisions"}],"wp:attachment":[{"href":"https:\/\/stanetdam.com\/index.php?rest_route=%2Fwp%2Fv2%2Fmedia&parent=5946"}],"wp:term":[{"taxonomy":"category","embeddable":true,"href":"https:\/\/stanetdam.com\/index.php?rest_route=%2Fwp%2Fv2%2Fcategories&post=5946"},{"taxonomy":"post_tag","embeddable":true,"href":"https:\/\/stanetdam.com\/index.php?rest_route=%2Fwp%2Fv2%2Ftags&post=5946"}],"curies":[{"name":"wp","href":"https:\/\/api.w.org\/{rel}","templated":true}]}}