{"id":5891,"date":"2010-11-30T08:53:30","date_gmt":"2010-11-30T07:53:30","guid":{"rendered":"http:\/\/www.stanetdam.com\/deces-du-responsable-du-data-center-dapple\/"},"modified":"2010-11-30T08:53:30","modified_gmt":"2010-11-30T07:53:30","slug":"deces-du-responsable-du-data-center-dapple","status":"publish","type":"post","link":"https:\/\/stanetdam.com\/?p=5891","title":{"rendered":"D\u00e9c\u00e8s du responsable du data center d&rsquo;Apple"},"content":{"rendered":"<p>Stan&#038;Dam vous propose d\u00e9sormais de suivre leur lifestream. Il s\u2019agit de mettre en avant des informations int\u00e9ressantes vues sur le web, et de les faire partager \u00e0 la communaut\u00e9 du site S&#038;D. Stan a remarqu\u00e9 dans ses flux RSS le sujet suivant :<br \/>\n<br \/>\n<span style=\"font-style: italic; color: rgb(153, 153, 153);\"><\/p>\n<p>Dans le monde des fermes de donn\u00e9es, alias data center, Olivier Sanche \u00e9tait quelqu&rsquo;un d&rsquo;important : v\u00e9t\u00e9ran de cette industrie, sp\u00e9cialis\u00e9 dans la limitation de l&rsquo;impact \u00e9nerg\u00e9tique de ceux-ci, l&rsquo;homme avait rejoint derni\u00e8rement Apple pour conduire l&rsquo;\u00e9quipe de charge du data center&#8230;<\/p>\n<p><\/span><br \/>\nLire l&rsquo;article original ici:<br \/>\n<a target=\"_blank\" href=\"http:\/\/www.mac4ever.com\/news\/59125\/deces_du_responsable_du_data_center_d_apple\/\" title=\"D\u00e9c\u00e8s du responsable du data center d'Apple\" rel=\"noopener noreferrer\">D\u00e9c\u00e8s du responsable du data center d&rsquo;Apple<\/a><\/p>\n<div id=\"themify_builder_content-5891\" data-postid=\"5891\" class=\"themify_builder_content themify_builder_content-5891 themify_builder\">\n    <\/div>\n<!-- \/themify_builder_content -->\n","protected":false},"excerpt":{"rendered":"<p>Dans le monde des fermes de donn\u00e9es, alias data center, Olivier Sanche \u00e9tait quelqu&rsquo;un d&rsquo;important : v\u00e9t\u00e9ran de cette industrie, sp\u00e9cialis\u00e9 dans la limitation de l&rsquo;impact \u00e9nerg\u00e9tique de ceux-ci, l&rsquo;homme avait rejoint derni\u00e8rement Apple pour conduire l&rsquo;\u00e9quipe de charge du data center&#8230;<\/p>\n","protected":false},"author":2,"featured_media":0,"comment_status":"open","ping_status":"open","sticky":false,"template":"","format":"standard","meta":{"footnotes":""},"categories":[6],"tags":[181,256,1589,1736,2222,2765,3155,3246,3349,3591],"class_list":["post-5891","post","type-post","status-publish","format-standard","hentry","category-liens-automatiques","tag-alias","tag-apple","tag-google","tag-homme","tag-lifestream","tag-olivier","tag-quipe","tag-result","tag-sanche","tag-stan","has-post-title","has-post-date","has-post-category","has-post-tag","has-post-comment","has-post-author",""],"builder_content":"","_links":{"self":[{"href":"https:\/\/stanetdam.com\/index.php?rest_route=\/wp\/v2\/posts\/5891","targetHints":{"allow":["GET"]}}],"collection":[{"href":"https:\/\/stanetdam.com\/index.php?rest_route=\/wp\/v2\/posts"}],"about":[{"href":"https:\/\/stanetdam.com\/index.php?rest_route=\/wp\/v2\/types\/post"}],"author":[{"embeddable":true,"href":"https:\/\/stanetdam.com\/index.php?rest_route=\/wp\/v2\/users\/2"}],"replies":[{"embeddable":true,"href":"https:\/\/stanetdam.com\/index.php?rest_route=%2Fwp%2Fv2%2Fcomments&post=5891"}],"version-history":[{"count":0,"href":"https:\/\/stanetdam.com\/index.php?rest_route=\/wp\/v2\/posts\/5891\/revisions"}],"wp:attachment":[{"href":"https:\/\/stanetdam.com\/index.php?rest_route=%2Fwp%2Fv2%2Fmedia&parent=5891"}],"wp:term":[{"taxonomy":"category","embeddable":true,"href":"https:\/\/stanetdam.com\/index.php?rest_route=%2Fwp%2Fv2%2Fcategories&post=5891"},{"taxonomy":"post_tag","embeddable":true,"href":"https:\/\/stanetdam.com\/index.php?rest_route=%2Fwp%2Fv2%2Ftags&post=5891"}],"curies":[{"name":"wp","href":"https:\/\/api.w.org\/{rel}","templated":true}]}}