{"id":5806,"date":"2010-10-13T12:00:11","date_gmt":"2010-10-13T10:00:11","guid":{"rendered":"http:\/\/www.stanetdam.com\/?p=5806"},"modified":"2010-10-13T12:00:11","modified_gmt":"2010-10-13T10:00:11","slug":"le-banquet-de-la-faim-pour-lutter-contre-la-malnutrition","status":"publish","type":"post","link":"https:\/\/stanetdam.com\/?p=5806","title":{"rendered":"Le banquet de la faim pour lutter contre la malnutrition"},"content":{"rendered":"<p>Stan&amp;Dam, ce n&rsquo;est pas que de la news ou de la vid\u00e9o techno-entertainment. \u00a0C&rsquo;est aussi donner un coup de pouce pour des actions qui en valent la peine, comme celle-ci :<\/p>\n<p>Pour symboliser les 10.000 victimes quotidiennes de la malnutrition, la Commission europ\u00e9enne et <strong>Action contre la Faim<\/strong> organisent le 16 octobre \u00e0 Paris et dans 30 villes de France le Banquet de la Faim.\u00a0Sur des nappes noires et immenses d\u00e9roul\u00e9es \u00e0 m\u00eame le sol, 10.000 assiettes \u00e0 Paris repr\u00e9senteront les 10.000 enfants morts de malnutrition en une seule journ\u00e9e.<\/p>\n<p>Pour relayer cette information au plus grand nombre, Action contre la Faim a lanc\u00e9 un blog qui donne un visage \u00e0 la malnutrition, celui d\u2019une petite centrafricaine soign\u00e9e dans un centre nutritionnel, et des informations au jour le jour <a href=\"http:\/\/lebanquetdelafaim.org\/\" target=\"_blank\" rel=\"noopener noreferrer\">ici<\/a>.<\/p>\n<p>N&rsquo;h\u00e9sitez pas \u00e0 vous y rendre pour les soutenir.<\/p>\n<div id=\"themify_builder_content-5806\" data-postid=\"5806\" class=\"themify_builder_content themify_builder_content-5806 themify_builder\">\n    <\/div>\n<!-- \/themify_builder_content -->\n","protected":false},"excerpt":{"rendered":"<p>Stan&amp;Dam, ce n&rsquo;est pas que de la news ou de la vid\u00e9o techno-entertainment. \u00a0C&rsquo;est aussi donner un coup de pouce pour des actions qui en valent la peine, comme celle-ci : Pour symboliser les 10.000 victimes quotidiennes de la malnutrition, la Commission europ\u00e9enne et Action contre la Faim organisent le 16 octobre \u00e0 Paris et [&hellip;]<\/p>\n","protected":false},"author":3,"featured_media":0,"comment_status":"open","ping_status":"open","sticky":false,"template":"","format":"standard","meta":{"footnotes":""},"categories":[3],"tags":[],"class_list":["post-5806","post","type-post","status-publish","format-standard","hentry","category-sd-usages","has-post-title","has-post-date","has-post-category","has-post-tag","has-post-comment","has-post-author",""],"builder_content":"","_links":{"self":[{"href":"https:\/\/stanetdam.com\/index.php?rest_route=\/wp\/v2\/posts\/5806","targetHints":{"allow":["GET"]}}],"collection":[{"href":"https:\/\/stanetdam.com\/index.php?rest_route=\/wp\/v2\/posts"}],"about":[{"href":"https:\/\/stanetdam.com\/index.php?rest_route=\/wp\/v2\/types\/post"}],"author":[{"embeddable":true,"href":"https:\/\/stanetdam.com\/index.php?rest_route=\/wp\/v2\/users\/3"}],"replies":[{"embeddable":true,"href":"https:\/\/stanetdam.com\/index.php?rest_route=%2Fwp%2Fv2%2Fcomments&post=5806"}],"version-history":[{"count":0,"href":"https:\/\/stanetdam.com\/index.php?rest_route=\/wp\/v2\/posts\/5806\/revisions"}],"wp:attachment":[{"href":"https:\/\/stanetdam.com\/index.php?rest_route=%2Fwp%2Fv2%2Fmedia&parent=5806"}],"wp:term":[{"taxonomy":"category","embeddable":true,"href":"https:\/\/stanetdam.com\/index.php?rest_route=%2Fwp%2Fv2%2Fcategories&post=5806"},{"taxonomy":"post_tag","embeddable":true,"href":"https:\/\/stanetdam.com\/index.php?rest_route=%2Fwp%2Fv2%2Ftags&post=5806"}],"curies":[{"name":"wp","href":"https:\/\/api.w.org\/{rel}","templated":true}]}}