{"id":5535,"date":"2010-07-13T15:25:08","date_gmt":"2010-07-13T13:25:08","guid":{"rendered":"http:\/\/www.stanetdam.com\/antenne-iphone-4-apple-rappelera-t-il-massivement-ses-telephones\/"},"modified":"2010-07-13T15:25:08","modified_gmt":"2010-07-13T13:25:08","slug":"antenne-iphone-4-apple-rappelera-t-il-massivement-ses-telephones","status":"publish","type":"post","link":"https:\/\/stanetdam.com\/?p=5535","title":{"rendered":"Antenne iPhone 4 : Apple rappelera-t-il massivement ses t\u00e9l\u00e9phones ?"},"content":{"rendered":"<p>Stan&amp;Dam vous propose d\u00e9sormais de suivre leur lifestream. Il s\u2019agit de mettre en avant des informations int\u00e9ressantes vues sur le web, et de les faire partager \u00e0 la communaut\u00e9 du site S&amp;D. Stan a remarqu\u00e9 dans ses flux RSS le sujet suivant :<\/p>\n<p><span><\/p>\n<p> Selon diff\u00e9rents experts en communication, Apple devrait au plus vite rappeler ses iPhone 4 pour corriger le probl\u00e8me, plut\u00f4t que de laisser son image de marque se d\u00e9grader. Cette derni\u00e8re est sans nul doute la chose la plus pr\u00e9cieuse pour Apple. En parall\u00e8le, une association de consommateurs a r\u00e9alis\u00e9 des tests venant confirmer la piste du d\u00e9faut mat\u00e9riel au niveau de l&rsquo;antenne. <\/p>\n<p><\/span><br \/>\nLire l&rsquo;article original ici:<br \/>\n<a target=\"_blank\" href=\"http:\/\/www.numerama.com\/magazine\/16235-antenne-iphone-4-apple-rappelera-t-il-massivement-ses-telephones.html\" title=\"Antenne iPhone 4 : Apple rappelera-t-il massivement ses t\u00e9l\u00e9phones ?\" rel=\"noopener noreferrer\">Antenne iPhone 4 : Apple rappelera-t-il massivement ses t\u00e9l\u00e9phones ?<\/a><\/p>\n<div id=\"themify_builder_content-5535\" data-postid=\"5535\" class=\"themify_builder_content themify_builder_content-5535 themify_builder\">\n    <\/div>\n<!-- \/themify_builder_content -->\n","protected":false},"excerpt":{"rendered":"<p> Selon diff\u00e9rents experts en communication, Apple devrait au plus vite rappeler ses iPhone 4 pour corriger le probl\u00e8me, plut\u00f4t que de laisser son image de marque se d\u00e9grader. Cette derni\u00e8re est sans nul doute la chose la plus pr\u00e9cieuse pour Apple. En parall\u00e8le, une association de consommateurs a r\u00e9alis\u00e9 des tests venant confirmer la piste du d\u00e9faut mat\u00e9riel au niveau de l&rsquo;antenne. <\/p>\n","protected":false},"author":2,"featured_media":0,"comment_status":"open","ping_status":"open","sticky":false,"template":"","format":"standard","meta":{"footnotes":""},"categories":[6],"tags":[1589,2222,3192,4015],"class_list":["post-5535","post","type-post","status-publish","format-standard","hentry","category-liens-automatiques","tag-google","tag-lifestream","tag-reader","tag-veille","has-post-title","has-post-date","has-post-category","has-post-tag","has-post-comment","has-post-author",""],"builder_content":"","_links":{"self":[{"href":"https:\/\/stanetdam.com\/index.php?rest_route=\/wp\/v2\/posts\/5535","targetHints":{"allow":["GET"]}}],"collection":[{"href":"https:\/\/stanetdam.com\/index.php?rest_route=\/wp\/v2\/posts"}],"about":[{"href":"https:\/\/stanetdam.com\/index.php?rest_route=\/wp\/v2\/types\/post"}],"author":[{"embeddable":true,"href":"https:\/\/stanetdam.com\/index.php?rest_route=\/wp\/v2\/users\/2"}],"replies":[{"embeddable":true,"href":"https:\/\/stanetdam.com\/index.php?rest_route=%2Fwp%2Fv2%2Fcomments&post=5535"}],"version-history":[{"count":0,"href":"https:\/\/stanetdam.com\/index.php?rest_route=\/wp\/v2\/posts\/5535\/revisions"}],"wp:attachment":[{"href":"https:\/\/stanetdam.com\/index.php?rest_route=%2Fwp%2Fv2%2Fmedia&parent=5535"}],"wp:term":[{"taxonomy":"category","embeddable":true,"href":"https:\/\/stanetdam.com\/index.php?rest_route=%2Fwp%2Fv2%2Fcategories&post=5535"},{"taxonomy":"post_tag","embeddable":true,"href":"https:\/\/stanetdam.com\/index.php?rest_route=%2Fwp%2Fv2%2Ftags&post=5535"}],"curies":[{"name":"wp","href":"https:\/\/api.w.org\/{rel}","templated":true}]}}