{"id":5359,"date":"2010-05-06T18:25:05","date_gmt":"2010-05-06T16:25:05","guid":{"rendered":"http:\/\/www.stanetdam.com\/quand-hadopi-rime-avec-%e2%80%9cau-ralenti%e2%80%9d\/"},"modified":"2010-05-06T18:25:05","modified_gmt":"2010-05-06T16:25:05","slug":"quand-hadopi-rime-avec-au-ralenti","status":"publish","type":"post","link":"https:\/\/stanetdam.com\/?p=5359","title":{"rendered":"Quand Hadopi rime avec \u201cau ralenti\u201d"},"content":{"rendered":"<p>Stan&amp;Dam vous propose d\u00e9sormais de suivre leur lifestream. Il s\u2019agit de mettre en avant des informations int\u00e9ressantes vues sur le web, et de les faire partager \u00e0 la communaut\u00e9 du site S&amp;D. Stan a remarqu\u00e9 dans ses flux RSS le sujet suivant :<\/p>\n<p><span><\/p>\n<p> Les choses semblent se compliquer pour Hadopi . En effet, la French Data Network (l\u2019association fournisseur d\u2019acc\u00e8s RTC et ADSL) vient de d\u00e9poser un recours devant le Conseil d\u2019Etat, dans le but de contester le d\u00e9cret n\u00b0 2010-236 du 5 mars 2010, instituant un \u201csyst\u00e8me de gestion des mesures pour la protection des \u0153uvres sur internet\u201d, et qui a \u00e9t\u00e9 pris sans avis de l\u2019ARCEP, alors que c\u2019est une obligation<\/p>\n<p><\/span><br \/>\nLire l&rsquo;article original ici:<br \/>\n<a target=\"_blank\" href=\"http:\/\/feedproxy.google.com\/~r\/LeJournalDuGeek\/~3\/JTBe5gWJ034\/\" title=\"Quand Hadopi rime avec \u201cau ralenti\u201d\" rel=\"noopener noreferrer\">Quand Hadopi rime avec \u201cau ralenti\u201d<\/a><\/p>\n<div id=\"themify_builder_content-5359\" data-postid=\"5359\" class=\"themify_builder_content themify_builder_content-5359 themify_builder\">\n    <\/div>\n<!-- \/themify_builder_content -->\n","protected":false},"excerpt":{"rendered":"<p> Les choses semblent se compliquer pour Hadopi . En effet, la French Data Network (l\u2019association fournisseur d\u2019acc\u00e8s RTC et ADSL) vient de d\u00e9poser un recours devant le Conseil d\u2019Etat, dans le but de contester le d\u00e9cret n\u00b0 2010-236 du 5 mars 2010, instituant un \u201csyst\u00e8me de gestion des mesures pour la protection des \u0153uvres sur internet\u201d, et qui a \u00e9t\u00e9 pris sans avis de l\u2019ARCEP, alors que c\u2019est une obligation<\/p>\n","protected":false},"author":2,"featured_media":0,"comment_status":"open","ping_status":"open","sticky":false,"template":"","format":"standard","meta":{"footnotes":""},"categories":[6],"tags":[1589,1617,2222,3192,3591,4015],"class_list":["post-5359","post","type-post","status-publish","format-standard","hentry","category-liens-automatiques","tag-google","tag-google-reader","tag-lifestream","tag-reader","tag-stan","tag-veille","has-post-title","has-post-date","has-post-category","has-post-tag","has-post-comment","has-post-author",""],"builder_content":"","_links":{"self":[{"href":"https:\/\/stanetdam.com\/index.php?rest_route=\/wp\/v2\/posts\/5359","targetHints":{"allow":["GET"]}}],"collection":[{"href":"https:\/\/stanetdam.com\/index.php?rest_route=\/wp\/v2\/posts"}],"about":[{"href":"https:\/\/stanetdam.com\/index.php?rest_route=\/wp\/v2\/types\/post"}],"author":[{"embeddable":true,"href":"https:\/\/stanetdam.com\/index.php?rest_route=\/wp\/v2\/users\/2"}],"replies":[{"embeddable":true,"href":"https:\/\/stanetdam.com\/index.php?rest_route=%2Fwp%2Fv2%2Fcomments&post=5359"}],"version-history":[{"count":0,"href":"https:\/\/stanetdam.com\/index.php?rest_route=\/wp\/v2\/posts\/5359\/revisions"}],"wp:attachment":[{"href":"https:\/\/stanetdam.com\/index.php?rest_route=%2Fwp%2Fv2%2Fmedia&parent=5359"}],"wp:term":[{"taxonomy":"category","embeddable":true,"href":"https:\/\/stanetdam.com\/index.php?rest_route=%2Fwp%2Fv2%2Fcategories&post=5359"},{"taxonomy":"post_tag","embeddable":true,"href":"https:\/\/stanetdam.com\/index.php?rest_route=%2Fwp%2Fv2%2Ftags&post=5359"}],"curies":[{"name":"wp","href":"https:\/\/api.w.org\/{rel}","templated":true}]}}