{"id":5250,"date":"2010-04-16T12:15:35","date_gmt":"2010-04-16T10:15:35","guid":{"rendered":"http:\/\/www.stanetdam.com\/ipad-pas-dexclusivite-pour-les-operateurs\/"},"modified":"2010-04-16T12:15:35","modified_gmt":"2010-04-16T10:15:35","slug":"ipad-pas-dexclusivite-pour-les-operateurs","status":"publish","type":"post","link":"https:\/\/stanetdam.com\/?p=5250","title":{"rendered":"iPad, pas d&rsquo;exclusivit\u00e9 pour les op\u00e9rateurs"},"content":{"rendered":"<p>Stan&amp;Dam vous propose d\u00e9sormais de suivre leur lifestream. Il s\u2019agit de mettre en avant des informations int\u00e9ressantes vues sur le web, et de les faire partager \u00e0 la communaut\u00e9 du site S&amp;D. Stan a remarqu\u00e9 dans ses flux RSS le sujet suivant :<\/p>\n<p><span><\/p>\n<p> L&rsquo;AFP et le site PCinpact ensuite, l&#39;affirment, iPad ne devrait pas b\u00e9n\u00e9ficier d&#39;une exclusivit\u00e9 pour sa distribution par un op\u00e9rateur. Orange et SFR pr\u00e9pareraient ainsi un lancement simultan\u00e9e de la tablette Apple, report\u00e9e \u00e0 fin mai, pour cause de p\u00e9nurie. Bouygues serait en revanche toujours en n\u00e9gociation avec le g\u00e9ant de l&#39;informatique<\/p>\n<p><\/span><br \/>\nLire l&rsquo;article original ici:<br \/>\n<a target=\"_blank\" href=\"http:\/\/www.electronlibre.info\/+iPad-pas-d-exclusivite-pour-les,02888+\" title=\"iPad, pas d'exclusivit\u00e9 pour les op\u00e9rateurs\" rel=\"noopener noreferrer\">iPad, pas d&rsquo;exclusivit\u00e9 pour les op\u00e9rateurs<\/a><\/p>\n<div id=\"themify_builder_content-5250\" data-postid=\"5250\" class=\"themify_builder_content themify_builder_content-5250 themify_builder\">\n    <\/div>\n<!-- \/themify_builder_content -->\n","protected":false},"excerpt":{"rendered":"<p> L&rsquo;AFP et le site PCinpact ensuite, l&#39;affirment, iPad ne devrait pas b\u00e9n\u00e9ficier d&#39;une exclusivit\u00e9 pour sa distribution par un op\u00e9rateur. Orange et SFR pr\u00e9pareraient ainsi un lancement simultan\u00e9e de la tablette Apple, report\u00e9e \u00e0 fin mai, pour cause de p\u00e9nurie. Bouygues serait en revanche toujours en n\u00e9gociation avec le g\u00e9ant de l&#39;informatique<\/p>\n","protected":false},"author":2,"featured_media":0,"comment_status":"open","ping_status":"open","sticky":false,"template":"","format":"standard","meta":{"footnotes":""},"categories":[6],"tags":[1617,2222,3591],"class_list":["post-5250","post","type-post","status-publish","format-standard","hentry","category-liens-automatiques","tag-google-reader","tag-lifestream","tag-stan","has-post-title","has-post-date","has-post-category","has-post-tag","has-post-comment","has-post-author",""],"builder_content":"","_links":{"self":[{"href":"https:\/\/stanetdam.com\/index.php?rest_route=\/wp\/v2\/posts\/5250","targetHints":{"allow":["GET"]}}],"collection":[{"href":"https:\/\/stanetdam.com\/index.php?rest_route=\/wp\/v2\/posts"}],"about":[{"href":"https:\/\/stanetdam.com\/index.php?rest_route=\/wp\/v2\/types\/post"}],"author":[{"embeddable":true,"href":"https:\/\/stanetdam.com\/index.php?rest_route=\/wp\/v2\/users\/2"}],"replies":[{"embeddable":true,"href":"https:\/\/stanetdam.com\/index.php?rest_route=%2Fwp%2Fv2%2Fcomments&post=5250"}],"version-history":[{"count":0,"href":"https:\/\/stanetdam.com\/index.php?rest_route=\/wp\/v2\/posts\/5250\/revisions"}],"wp:attachment":[{"href":"https:\/\/stanetdam.com\/index.php?rest_route=%2Fwp%2Fv2%2Fmedia&parent=5250"}],"wp:term":[{"taxonomy":"category","embeddable":true,"href":"https:\/\/stanetdam.com\/index.php?rest_route=%2Fwp%2Fv2%2Fcategories&post=5250"},{"taxonomy":"post_tag","embeddable":true,"href":"https:\/\/stanetdam.com\/index.php?rest_route=%2Fwp%2Fv2%2Ftags&post=5250"}],"curies":[{"name":"wp","href":"https:\/\/api.w.org\/{rel}","templated":true}]}}