{"id":5231,"date":"2010-04-14T15:27:16","date_gmt":"2010-04-14T13:27:16","guid":{"rendered":"http:\/\/www.stanetdam.com\/?p=5231"},"modified":"2010-04-14T15:27:16","modified_gmt":"2010-04-14T13:27:16","slug":"breaking-news-apple-reporte-le-lancement-international-de-lipad-dun-mois","status":"publish","type":"post","link":"https:\/\/stanetdam.com\/?p=5231","title":{"rendered":"[Breaking news] Apple reporte le lancement international de l&rsquo;iPad d&rsquo;un mois"},"content":{"rendered":"<p style=\"text-align: center;\"><img loading=\"lazy\" decoding=\"async\" class=\"aligncenter\" title=\"iPad\" src=\"http:\/\/www.tunibox.com\/images\/posts\/\/2010\/02\/ipad_01.jpg\" alt=\"\" width=\"268\" height=\"358\" \/><\/p>\n<p>Strat\u00e9gie de <em>hype<\/em> ou bien plantage total dans leurs pr\u00e9visions ? Apple annonce reporter le lancement international de son iPad et ne prendra les r\u00e9servations qu&rsquo;\u00e0 partir du 10 mai.<\/p>\n<p>Voici le communiqu\u00e9 de presse que nous avons re\u00e7u, et <a href=\"http:\/\/scobleizer.com\/2010\/04\/14\/why-was-apples-prediction-on-ipads-so-wrong\/\" target=\"_blank\" rel=\"noopener noreferrer\">les raisons suppos\u00e9es \u00e0 ce report <\/a>par Robert Scobble himself.<\/p>\n<p><span style=\"text-decoration: underline;\">EDIT<\/span> : apr\u00e8s un \u00e9change sur twitter avec <a href=\"blog-high-tech.lci.fr\/ \" target=\"_blank\" rel=\"noopener noreferrer\">C\u00e9dric Ingrand <\/a>de LCI, les points avanc\u00e9s par Scobble sont peut-\u00eatre un peu trop \u00ab\u00a0Apple fan boy\u00a0\u00bb. Pas faux, si ce n&rsquo;est que je trouve les points 3 et 4 plausibles. Personnellement, je penche plut\u00f4t pour une pr\u00e9vision de vente \u00ab\u00a0explosive\u00a0\u00bb au regard des ventes des premiers jours, et surtout une production probl\u00e9matique d&rsquo;\u00e9crans pour l&rsquo;iPad (Foxconn ayant \u00e9t\u00e9 renforc\u00e9 par Samsung). N&rsquo;oublions pas que les USA restent le march\u00e9 premier d&rsquo;Apple o\u00f9 la bataille sur le portable et l&rsquo;\u00e9ducation est tr\u00e8s intense et Apple ne peut se permettre de perdre des positions pour cause de faiblesse de l&rsquo;iPad.<\/p>\n<p>Ca doit hurler dans les oreilles de certains \u00e0 Cupertino&#8230;<\/p>\n<blockquote><p>Alors que nous avons fourni plus de 500 000 iPads durant la premi\u00e8re semaine de commercialisation, la demande est beaucoup plus importante que ce que nous avions pr\u00e9vu et devrait continuer d&rsquo;exc\u00e9der notre offre sur les prochaines semaines au fur et \u00e0 mesure que de plus en plus de gens voient et exp\u00e9rimentent un iPad\u2122. Nous avons aussi enregistr\u00e9 un grand nombre de pr\u00e9-commandes pour les mod\u00e8les 3G de l&rsquo;iPad qui seront livr\u00e9s fin avril.<\/p>\n<p>Au vu de cette \u00e9tonnamment forte demande aux Etats-Unis, nous avons pris la difficile d\u00e9cision de reporter d&rsquo;un mois le lancement de l&rsquo;iPad \u00e0 l&rsquo;international, soit \u00e0 fin mai. Nous annoncerons les tarifs \u00e0 l&rsquo;international et d\u00e9buteront les pr\u00e9-commandes en ligne le lundi 10 mai. Nous savons qu&rsquo;un grand nombre de nos clients \u00e0 l&rsquo;international qui attendent de pouvoir acheter un iPad seront d\u00e9\u00e7us par cette information, mais nous esp\u00e9rons qu&rsquo;ils seront contents d&rsquo;en apprendre la raison, \u00e0 savoir que l&rsquo;iPad est aujourd&rsquo;hui un \u00e9norme succ\u00e8s aux Etats-Unis.<\/p><\/blockquote>\n<div id=\"themify_builder_content-5231\" data-postid=\"5231\" class=\"themify_builder_content themify_builder_content-5231 themify_builder\">\n    <\/div>\n<!-- \/themify_builder_content -->\n","protected":false},"excerpt":{"rendered":"<p>Strat\u00e9gie de hype ou bien plantage total dans leurs pr\u00e9visions ? Apple annonce reporter le lancement international de son iPad et ne prendra les r\u00e9servations qu&rsquo;\u00e0 partir du 10 mai. Voici le communiqu\u00e9 de presse que nous avons re\u00e7u, et les raisons suppos\u00e9es \u00e0 ce report par Robert Scobble himself. EDIT : apr\u00e8s un \u00e9change [&hellip;]<\/p>\n","protected":false},"author":3,"featured_media":0,"comment_status":"open","ping_status":"open","sticky":false,"template":"","format":"standard","meta":{"footnotes":""},"categories":[9],"tags":[256,1889],"class_list":["post-5231","post","type-post","status-publish","format-standard","hentry","category-sd-techlounge","tag-apple","tag-ipad","has-post-title","has-post-date","has-post-category","has-post-tag","has-post-comment","has-post-author",""],"builder_content":"","_links":{"self":[{"href":"https:\/\/stanetdam.com\/index.php?rest_route=\/wp\/v2\/posts\/5231","targetHints":{"allow":["GET"]}}],"collection":[{"href":"https:\/\/stanetdam.com\/index.php?rest_route=\/wp\/v2\/posts"}],"about":[{"href":"https:\/\/stanetdam.com\/index.php?rest_route=\/wp\/v2\/types\/post"}],"author":[{"embeddable":true,"href":"https:\/\/stanetdam.com\/index.php?rest_route=\/wp\/v2\/users\/3"}],"replies":[{"embeddable":true,"href":"https:\/\/stanetdam.com\/index.php?rest_route=%2Fwp%2Fv2%2Fcomments&post=5231"}],"version-history":[{"count":0,"href":"https:\/\/stanetdam.com\/index.php?rest_route=\/wp\/v2\/posts\/5231\/revisions"}],"wp:attachment":[{"href":"https:\/\/stanetdam.com\/index.php?rest_route=%2Fwp%2Fv2%2Fmedia&parent=5231"}],"wp:term":[{"taxonomy":"category","embeddable":true,"href":"https:\/\/stanetdam.com\/index.php?rest_route=%2Fwp%2Fv2%2Fcategories&post=5231"},{"taxonomy":"post_tag","embeddable":true,"href":"https:\/\/stanetdam.com\/index.php?rest_route=%2Fwp%2Fv2%2Ftags&post=5231"}],"curies":[{"name":"wp","href":"https:\/\/api.w.org\/{rel}","templated":true}]}}