{"id":5166,"date":"2010-03-22T10:00:47","date_gmt":"2010-03-22T09:00:47","guid":{"rendered":"http:\/\/www.stanetdam.com\/?p=5166"},"modified":"2010-03-22T10:00:47","modified_gmt":"2010-03-22T09:00:47","slug":"jim-carrey-chante-aznavour-video","status":"publish","type":"post","link":"https:\/\/stanetdam.com\/?p=5166","title":{"rendered":"I love you Jim Carrey&#8230; et en plus il chante Aznavour [VIDEO]"},"content":{"rendered":"<p>&#8230;et fait aussi des massages \u00e0 sa traductrice attitr\u00e9e ! J&rsquo;\u00e9tais \u00e0 la Cin\u00e9math\u00e8que fran\u00e7aise le 1er f\u00e9vrier dernier lors de l&rsquo;avant-premi\u00e8re de I love you Philip Morris, et j&rsquo;ai le bon carton avec le petit point rouge dessus qui m&rsquo;a permis d&rsquo;entrer dans \u00ab\u00a0la\u00a0\u00bb (il y en avait trois) salle&#8230; pour me retrouver \u00e0 environ 1m50 de Jim (oui, \u00e0 cette distance nous pouvons dire que nous sommes de bonnes connaissances d\u00e9sormais), aux c\u00f4t\u00e9s de Luc Besson, Anthony Kavanagh ou John McTierman (r\u00e9al de Die Hard).<\/p>\n<p>Allez voir le film s&rsquo;il passe encore pr\u00e8s de chez vous, il y fait un num\u00e9ro \u00e9tonnant. Et si vous avez encore des doutes sur le fait qu&rsquo;il soit un pitre \u00e9lastique au naturel&#8230; la vid\u00e9o fait foi !<\/p>\n<p>D\u00e9tail : int\u00e9ressant de savoir que ce film a \u00e9t refus\u00e9 par tous les grands studios am\u00e9ricains, et que c&rsquo;est Europa Corp qui s&rsquo;y est coll\u00e9&#8230; Puritanisme ordinaire ?<\/p>\n<p style=\"text-align: center;\">[youtube mqxjPtEmulw]<\/p>\n<p style=\"text-align: center;\">[dailymotion xc00wk_i-love-you-phillip-morris-bande-ann_shortfilms nolink]<\/p>\n<div id=\"themify_builder_content-5166\" data-postid=\"5166\" class=\"themify_builder_content themify_builder_content-5166 themify_builder\">\n    <\/div>\n<!-- \/themify_builder_content -->\n","protected":false},"excerpt":{"rendered":"<p>&#8230;et fait aussi des massages \u00e0 sa traductrice attitr\u00e9e ! J&rsquo;\u00e9tais \u00e0 la Cin\u00e9math\u00e8que fran\u00e7aise le 1er f\u00e9vrier dernier lors de l&rsquo;avant-premi\u00e8re de I love you Philip Morris, et j&rsquo;ai le bon carton avec le petit point rouge dessus qui m&rsquo;a permis d&rsquo;entrer dans \u00ab\u00a0la\u00a0\u00bb (il y en avait trois) salle&#8230; pour me retrouver \u00e0 [&hellip;]<\/p>\n","protected":false},"author":3,"featured_media":0,"comment_status":"open","ping_status":"open","sticky":false,"template":"","format":"standard","meta":{"footnotes":""},"categories":[3],"tags":[1247,1259,1777,1987],"class_list":["post-5166","post","type-post","status-publish","format-standard","hentry","category-sd-usages","tag-europa-corp","tag-ewan-mc-gregor","tag-i-love-you-philip-morris","tag-jim-carrey","has-post-title","has-post-date","has-post-category","has-post-tag","has-post-comment","has-post-author",""],"builder_content":"","_links":{"self":[{"href":"https:\/\/stanetdam.com\/index.php?rest_route=\/wp\/v2\/posts\/5166","targetHints":{"allow":["GET"]}}],"collection":[{"href":"https:\/\/stanetdam.com\/index.php?rest_route=\/wp\/v2\/posts"}],"about":[{"href":"https:\/\/stanetdam.com\/index.php?rest_route=\/wp\/v2\/types\/post"}],"author":[{"embeddable":true,"href":"https:\/\/stanetdam.com\/index.php?rest_route=\/wp\/v2\/users\/3"}],"replies":[{"embeddable":true,"href":"https:\/\/stanetdam.com\/index.php?rest_route=%2Fwp%2Fv2%2Fcomments&post=5166"}],"version-history":[{"count":0,"href":"https:\/\/stanetdam.com\/index.php?rest_route=\/wp\/v2\/posts\/5166\/revisions"}],"wp:attachment":[{"href":"https:\/\/stanetdam.com\/index.php?rest_route=%2Fwp%2Fv2%2Fmedia&parent=5166"}],"wp:term":[{"taxonomy":"category","embeddable":true,"href":"https:\/\/stanetdam.com\/index.php?rest_route=%2Fwp%2Fv2%2Fcategories&post=5166"},{"taxonomy":"post_tag","embeddable":true,"href":"https:\/\/stanetdam.com\/index.php?rest_route=%2Fwp%2Fv2%2Ftags&post=5166"}],"curies":[{"name":"wp","href":"https:\/\/api.w.org\/{rel}","templated":true}]}}