{"id":5154,"date":"2010-03-13T21:57:02","date_gmt":"2010-03-13T20:57:02","guid":{"rendered":"http:\/\/www.stanetdam.com\/auto-entrepreneurs-attention-lursaff-vous-guette\/"},"modified":"2010-03-13T21:57:02","modified_gmt":"2010-03-13T20:57:02","slug":"auto-entrepreneurs-attention-lursaff-vous-guette","status":"publish","type":"post","link":"https:\/\/stanetdam.com\/?p=5154","title":{"rendered":"Auto-entrepreneurs, attention! L&rsquo;URSAFF vous guette&#8230;"},"content":{"rendered":"<p>Stan&amp;Dam vous propose d\u00e9sormais de suivre leur lifestream. Il s\u2019agit de mettre en avant des informations int\u00e9ressantes vues sur le web, et de les faire partager \u00e0 la communaut\u00e9 du site S&amp;D. Stan a remarqu\u00e9 dans ses flux RSS le sujet suivant :<\/p>\n<p><span><\/p>\n<p> Une partie des 300.000 auto-entrepreneurs risque de se voir reclass\u00e9e par l&rsquo;URSAFF en entreprise individuelle, perdant ainsi tous les avantages du statut. En effet, certains d&rsquo;entre eux ont eu la mauvaise surprise d&rsquo;\u00eatre somm\u00e9s de se reclasser pour d\u00e9passement du plafond de chiffre d&rsquo;affaire, alors qu&rsquo;ils avaient \u00e0 peine r\u00e9alis\u00e9 20k\u20ac sur l&rsquo;ann\u00e9e! L&rsquo;URSAFF calcule en fait un montant th\u00e9orique de CA annuel pour les auto-entrepreneurs qui n&rsquo;auraient pas effectu\u00e9 une ann\u00e9e calendaire compl\u00e8te sous ce statut, en extrapolant le CA r\u00e9alis\u00e9. Ainsi, l&rsquo;auto-entrepreneur r\u00e9alisant un CA de 25k\u20ac en 2009, et ayant d\u00e9marr\u00e9 son activit\u00e9 en ao\u00fbt, se verra attribuer par l&rsquo;URSAFF un chiffre d&rsquo;affaire th\u00e9orique de 60k\u20ac, qu&rsquo;il aurait pu r\u00e9aliser s&rsquo;il avait d\u00e9marr\u00e9 son activit\u00e9 en janvier 2009! Et hop, exclusion du statut! Selon l&rsquo;URSAFF, \u00ab\u00a0c\u2019est le probl\u00e8me des r\u00e9gimes tr\u00e8s simplifi\u00e9s. Le l\u00e9gislateur n\u2019a pas pris en compte ces situations. <\/p>\n<p><\/span><br \/>\nLire l&rsquo;article original ici:<br \/>\n<a target=\"_blank\" href=\"http:\/\/gentechspace.free.fr\/barrablog\/index.php?2010\/03\/13\/566-auto-entrepreneurs-attention-l-ursaff-vous-gette\" title=\"Auto-entrepreneurs, attention! L&#39;URSAFF vous guette...\" rel=\"noopener noreferrer\">Auto-entrepreneurs, attention! L&#39;URSAFF vous guette&#8230;<\/a><\/p>\n<div id=\"themify_builder_content-5154\" data-postid=\"5154\" class=\"themify_builder_content themify_builder_content-5154 themify_builder\">\n    <\/div>\n<!-- \/themify_builder_content -->\n","protected":false},"excerpt":{"rendered":"<p> Une partie des 300.000 auto-entrepreneurs risque de se voir reclass\u00e9e par l&rsquo;URSAFF en entreprise individuelle, perdant ainsi tous les avantages du statut. En effet, certains d&rsquo;entre eux ont eu la mauvaise surprise d&rsquo;\u00eatre somm\u00e9s de se reclasser pour d\u00e9passement du plafond de chiffre d&rsquo;affaire, alors qu&rsquo;ils avaient \u00e0 peine r\u00e9alis\u00e9 20k\u20ac sur l&rsquo;ann\u00e9e! L&rsquo;URSAFF calcule en fait un montant th\u00e9orique de CA annuel pour les auto-entrepreneurs qui n&rsquo;auraient pas effectu\u00e9 une ann\u00e9e calendaire compl\u00e8te sous ce statut, en extrapolant le CA r\u00e9alis\u00e9. Ainsi, l&rsquo;auto-entrepreneur r\u00e9alisant un CA de 25k\u20ac en 2009, et ayant d\u00e9marr\u00e9 son activit\u00e9 en ao\u00fbt, se verra attribuer par l&rsquo;URSAFF un chiffre d&rsquo;affaire th\u00e9orique de 60k\u20ac, qu&rsquo;il aurait pu r\u00e9aliser s&rsquo;il avait d\u00e9marr\u00e9 son activit\u00e9 en janvier 2009! Et hop, exclusion du statut! Selon l&rsquo;URSAFF, \u00ab\u00a0c\u2019est le probl\u00e8me des r\u00e9gimes tr\u00e8s simplifi\u00e9s. Le l\u00e9gislateur n\u2019a pas pris en compte ces situations. <\/p>\n","protected":false},"author":2,"featured_media":0,"comment_status":"open","ping_status":"open","sticky":false,"template":"","format":"standard","meta":{"footnotes":""},"categories":[6],"tags":[1589,3192,3591,4015],"class_list":["post-5154","post","type-post","status-publish","format-standard","hentry","category-liens-automatiques","tag-google","tag-reader","tag-stan","tag-veille","has-post-title","has-post-date","has-post-category","has-post-tag","has-post-comment","has-post-author",""],"builder_content":"","_links":{"self":[{"href":"https:\/\/stanetdam.com\/index.php?rest_route=\/wp\/v2\/posts\/5154","targetHints":{"allow":["GET"]}}],"collection":[{"href":"https:\/\/stanetdam.com\/index.php?rest_route=\/wp\/v2\/posts"}],"about":[{"href":"https:\/\/stanetdam.com\/index.php?rest_route=\/wp\/v2\/types\/post"}],"author":[{"embeddable":true,"href":"https:\/\/stanetdam.com\/index.php?rest_route=\/wp\/v2\/users\/2"}],"replies":[{"embeddable":true,"href":"https:\/\/stanetdam.com\/index.php?rest_route=%2Fwp%2Fv2%2Fcomments&post=5154"}],"version-history":[{"count":0,"href":"https:\/\/stanetdam.com\/index.php?rest_route=\/wp\/v2\/posts\/5154\/revisions"}],"wp:attachment":[{"href":"https:\/\/stanetdam.com\/index.php?rest_route=%2Fwp%2Fv2%2Fmedia&parent=5154"}],"wp:term":[{"taxonomy":"category","embeddable":true,"href":"https:\/\/stanetdam.com\/index.php?rest_route=%2Fwp%2Fv2%2Fcategories&post=5154"},{"taxonomy":"post_tag","embeddable":true,"href":"https:\/\/stanetdam.com\/index.php?rest_route=%2Fwp%2Fv2%2Ftags&post=5154"}],"curies":[{"name":"wp","href":"https:\/\/api.w.org\/{rel}","templated":true}]}}