{"id":513,"date":"2008-03-05T14:14:48","date_gmt":"2008-03-05T13:14:48","guid":{"rendered":"http:\/\/www.stanetdam.com\/orange-journee-ten-et-citivox\/"},"modified":"2008-03-05T14:14:48","modified_gmt":"2008-03-05T13:14:48","slug":"orange-journee-ten-et-citivox","status":"publish","type":"post","link":"https:\/\/stanetdam.com\/?p=513","title":{"rendered":"Orange Journ\u00e9e &#8211; Ten et Citivox"},"content":{"rendered":"<p><img loading=\"lazy\" decoding=\"async\" src=\"http:\/\/www.stanetdam.com\/wp-content\/uploads\/.thumbs\/.orange.jpg\" alt=\"orange.jpg\" title=\"orange.jpg\" align=\"left\" border=\"0\" height=\"96\" width=\"96\" \/> Grosse news sur Orange en ce moment:<\/p>\n<p>Citivox \u00ab\u00a0sp\u00e9cialiste des bons plans sorties\u00a0\u00bb se fait racheter; Orange s&#8217;empare de 100% du capital. Cette acquisition s&rsquo;inscrit dans la volont\u00e9 du groupe Orange de s&rsquo;engager dans le contenu et vient consolider \u00ab\u00a0<span>sa position actuelle en France de 3e audience et 1re r\u00e9gie publicitaire sur le web\u00a0\u00bb. (<a href=\"http:\/\/www.francetelecom.com\/fr_FR\/presse\/communiques\/cp080305fr.html\" target=\"_blank\" rel=\"noopener noreferrer\">communiqu\u00e9 de presse<\/a>) Gageons qu&rsquo;Orange saura d\u00e9cliner le contenu citivox sur ADSL, TV et surtout mobile. Il semblerait aussi que cela ne constitue pas le dernier achat d&rsquo;Orange dans le secteur du contenus au sens large.<\/span><\/p>\n<p>Hier, Ten by Orange presentait \u00e0 des blogueurs tri\u00e9s sur le volet sa nouvelle gamme de forfait et offre. C&rsquo;est un lancement en grandeur nature qui aura lieu le 6 mars: forfait voix illimit\u00e9es (forfait et tout appel au d\u00e9l\u00e0 de 3min y est illimit\u00e9), data illimit\u00e9 (emails, Web mobile et messagerie instantan\u00e9e via Windows Live Messenger.), mobile sp\u00e9cifique Ten avec \u00e9cran d&rsquo;accueil de nouvelle g\u00e9n\u00e9ration.<\/p>\n<ul>\n<li>Forfait 1h30 pour <strong>39,90 \u20ac <\/strong>par mois ( 19,95 \u20ac les deux premiers mois )<\/li>\n<li>Forfait 2h30 pour <strong>49,90 \u20ac<\/strong> par mois ( 24,95 \u20ac les deux premiers mois )<\/li>\n<li>Forfait 3h30 pour <strong>59,90 \u20ac<\/strong> par mois (\u00a0 29,95 \u20ac les deux premiers mois )<\/li>\n<\/ul>\n<p>L&rsquo;agence de presse photo officiel de S&amp;D (<a href=\"http:\/\/richard.ying.fr\/blog\/\" target=\"_blank\" rel=\"noopener noreferrer\">Richard Ying<\/a>) n&rsquo;a toujours pas mis en ligne les photos de la soir\u00e9e du 4 mars.<\/p>\n<div id=\"themify_builder_content-513\" data-postid=\"513\" class=\"themify_builder_content themify_builder_content-513 themify_builder\">\n    <\/div>\n<!-- \/themify_builder_content -->\n","protected":false},"excerpt":{"rendered":"<p>Grosse news sur Orange en ce moment: Citivox \u00ab\u00a0sp\u00e9cialiste des bons plans sorties\u00a0\u00bb se fait racheter; Orange s&#8217;empare de 100% du capital. Cette acquisition s&rsquo;inscrit dans la volont\u00e9 du groupe Orange de s&rsquo;engager dans le contenu et vient consolider \u00ab\u00a0sa position actuelle en France de 3e audience et 1re r\u00e9gie publicitaire sur le web\u00a0\u00bb. (communiqu\u00e9 [&hellip;]<\/p>\n","protected":false},"author":2,"featured_media":0,"comment_status":"open","ping_status":"open","sticky":false,"template":"","format":"standard","meta":{"footnotes":""},"categories":[1],"tags":[734,2789,3774],"class_list":["post-513","post","type-post","status-publish","format-standard","hentry","category-uncategorized","tag-citivox","tag-orange","tag-ten","has-post-title","has-post-date","has-post-category","has-post-tag","has-post-comment","has-post-author",""],"builder_content":"","_links":{"self":[{"href":"https:\/\/stanetdam.com\/index.php?rest_route=\/wp\/v2\/posts\/513","targetHints":{"allow":["GET"]}}],"collection":[{"href":"https:\/\/stanetdam.com\/index.php?rest_route=\/wp\/v2\/posts"}],"about":[{"href":"https:\/\/stanetdam.com\/index.php?rest_route=\/wp\/v2\/types\/post"}],"author":[{"embeddable":true,"href":"https:\/\/stanetdam.com\/index.php?rest_route=\/wp\/v2\/users\/2"}],"replies":[{"embeddable":true,"href":"https:\/\/stanetdam.com\/index.php?rest_route=%2Fwp%2Fv2%2Fcomments&post=513"}],"version-history":[{"count":0,"href":"https:\/\/stanetdam.com\/index.php?rest_route=\/wp\/v2\/posts\/513\/revisions"}],"wp:attachment":[{"href":"https:\/\/stanetdam.com\/index.php?rest_route=%2Fwp%2Fv2%2Fmedia&parent=513"}],"wp:term":[{"taxonomy":"category","embeddable":true,"href":"https:\/\/stanetdam.com\/index.php?rest_route=%2Fwp%2Fv2%2Fcategories&post=513"},{"taxonomy":"post_tag","embeddable":true,"href":"https:\/\/stanetdam.com\/index.php?rest_route=%2Fwp%2Fv2%2Ftags&post=513"}],"curies":[{"name":"wp","href":"https:\/\/api.w.org\/{rel}","templated":true}]}}