{"id":5110,"date":"2010-03-09T08:30:14","date_gmt":"2010-03-09T07:30:14","guid":{"rendered":"http:\/\/www.stanetdam.com\/?p=5110"},"modified":"2010-03-09T08:30:14","modified_gmt":"2010-03-09T07:30:14","slug":"les-invicibles-premier-episode-inedit-en-integralite","status":"publish","type":"post","link":"https:\/\/stanetdam.com\/?p=5110","title":{"rendered":"Les Invicibles : premier \u00e9pisode in\u00e9dit en int\u00e9gralit\u00e9"},"content":{"rendered":"<p><em>PS : on n&rsquo;a pas touch\u00e9 d&rsquo;argent pour cette diffusion, sinon nous n&rsquo;\u00e9tions pas au courant et on s&rsquo;est fait avoir. Notre num\u00e9ro de CCP est dans le A Propos.<\/em><\/p>\n<p>Les Invicibles arrivent sur Arte d\u00e8s ce soir, mardi 9 mars. 4 potes qui signent un pacte et larguent tout pour une nouvelle vie. Symbolique de la crise de la trentaine, <a href=\"http:\/\/www.stanetdam.com\/club-300-arte-se-la-joue-invincibles\/\" target=\"_blank\" rel=\"noopener noreferrer\">nous avions vu et critiqu\u00e9 ce programme<\/a> chez Arte en avant-premi\u00e8re.<\/p>\n<p><span style=\"text-decoration: line-through;\">Apr\u00e8s avoir brav\u00e9 les molosses de la s\u00e9curit\u00e9 de la boite de production<\/span>, voici le premier \u00e9pisode qui sera diffus\u00e9 ce soir sur Arte en avant-premi\u00e8re. <a href=\"http:\/\/www.arte.tv\/fr\/mouvement-de-cinema\/Les-Invincibles\/3012890,CmC=3070256.html\" target=\"_blank\" rel=\"noopener noreferrer\">G\u00e9n\u00e9rique chant\u00e9 par \u00ab\u00a0La Chanson du Dimanche\u00a0\u00bb<\/a>, acteurs inspir\u00e9s, Stan&amp;Dam aiment !<\/p>\n<p>C&rsquo;est tous les mardi \u00e0 22h30 sur Arte (oui oui vous avez bien lu). <a href=\"http:\/\/www.arte.tv\/fr\/3012890.html\" target=\"_blank\" rel=\"noopener noreferrer\">Et ici sur le web<\/a>.<\/p>\n<p style=\"text-align: center;\">\n<p><object classid=\"clsid:d27cdb6e-ae6d-11cf-96b8-444553540000\" width=\"480\" height=\"389\" codebase=\"http:\/\/download.macromedia.com\/pub\/shockwave\/cabs\/flash\/swflash.cab#version=6,0,40,0\"><param name=\"allowFullScreen\" value=\"true\" \/><param name=\"allowScriptAccess\" value=\"always\" \/><param name=\"src\" value=\"http:\/\/www.dailymotion.com\/swf\/xcgqhh\" \/><param name=\"allowfullscreen\" value=\"true\" \/><embed type=\"application\/x-shockwave-flash\" width=\"480\" height=\"389\" src=\"http:\/\/www.dailymotion.com\/swf\/xcgqhh\" allowscriptaccess=\"always\" allowfullscreen=\"true\"><\/embed><\/object><\/p>\n<div id=\"themify_builder_content-5110\" data-postid=\"5110\" class=\"themify_builder_content themify_builder_content-5110 themify_builder\">\n    <\/div>\n<!-- \/themify_builder_content -->\n","protected":false},"excerpt":{"rendered":"<p>PS : on n&rsquo;a pas touch\u00e9 d&rsquo;argent pour cette diffusion, sinon nous n&rsquo;\u00e9tions pas au courant et on s&rsquo;est fait avoir. Notre num\u00e9ro de CCP est dans le A Propos. Les Invicibles arrivent sur Arte d\u00e8s ce soir, mardi 9 mars. 4 potes qui signent un pacte et larguent tout pour une nouvelle vie. Symbolique [&hellip;]<\/p>\n","protected":false},"author":3,"featured_media":0,"comment_status":"open","ping_status":"open","sticky":false,"template":"","format":"standard","meta":{"footnotes":""},"categories":[3],"tags":[298,2080,2179,3150,3419,3420,3756,3771,3930],"class_list":["post-5110","post","type-post","status-publish","format-standard","hentry","category-sd-usages","tag-arte","tag-la-chanson-du-dimanche","tag-les-invincibles","tag-quebec","tag-serie","tag-serie-tele","tag-tele","tag-television","tag-tv","has-post-title","has-post-date","has-post-category","has-post-tag","has-post-comment","has-post-author",""],"builder_content":"","_links":{"self":[{"href":"https:\/\/stanetdam.com\/index.php?rest_route=\/wp\/v2\/posts\/5110","targetHints":{"allow":["GET"]}}],"collection":[{"href":"https:\/\/stanetdam.com\/index.php?rest_route=\/wp\/v2\/posts"}],"about":[{"href":"https:\/\/stanetdam.com\/index.php?rest_route=\/wp\/v2\/types\/post"}],"author":[{"embeddable":true,"href":"https:\/\/stanetdam.com\/index.php?rest_route=\/wp\/v2\/users\/3"}],"replies":[{"embeddable":true,"href":"https:\/\/stanetdam.com\/index.php?rest_route=%2Fwp%2Fv2%2Fcomments&post=5110"}],"version-history":[{"count":0,"href":"https:\/\/stanetdam.com\/index.php?rest_route=\/wp\/v2\/posts\/5110\/revisions"}],"wp:attachment":[{"href":"https:\/\/stanetdam.com\/index.php?rest_route=%2Fwp%2Fv2%2Fmedia&parent=5110"}],"wp:term":[{"taxonomy":"category","embeddable":true,"href":"https:\/\/stanetdam.com\/index.php?rest_route=%2Fwp%2Fv2%2Fcategories&post=5110"},{"taxonomy":"post_tag","embeddable":true,"href":"https:\/\/stanetdam.com\/index.php?rest_route=%2Fwp%2Fv2%2Ftags&post=5110"}],"curies":[{"name":"wp","href":"https:\/\/api.w.org\/{rel}","templated":true}]}}