{"id":5096,"date":"2010-03-03T10:18:39","date_gmt":"2010-03-03T09:18:39","guid":{"rendered":"http:\/\/www.stanetdam.com\/linquietant-colloque-de-larcep-sur-la-quasi-neutralite-du-reseau\/"},"modified":"2010-03-03T10:18:39","modified_gmt":"2010-03-03T09:18:39","slug":"linquietant-colloque-de-larcep-sur-la-quasi-neutralite-du-reseau","status":"publish","type":"post","link":"https:\/\/stanetdam.com\/?p=5096","title":{"rendered":"L&rsquo;inqui\u00e9tant colloque de l&rsquo;ARCEP sur la \u00ab\u00a0quasi-neutralit\u00e9 du r\u00e9seau\u00a0\u00bb"},"content":{"rendered":"<p>Stan&amp;Dam vous propose d\u00e9sormais de suivre leur lifestream. Il s\u2019agit de mettre en avant des informations int\u00e9ressantes vues sur le web, et de les faire partager \u00e0 la communaut\u00e9 du site S&amp;D. Stan a remarqu\u00e9 dans ses flux RSS le sujet suivant :<\/p>\n<p><span><\/p>\n<p> L&#39;ARCEP\u00a0organise le 13 avril 2010 un colloque sur la neutralit\u00e9 du r\u00e9seau, dont la seule lecture du programme fait comprendre qu&#39;elle est d\u00e9j\u00e0 abandonn\u00e9e au profit d&#39;une &quot;neutralit\u00e9 temp\u00e9r\u00e9e&quot; ou &quot;quasineutralit\u00e9&quot; du r\u00e9seau. Plus grave, il ent\u00e9rine une vision purement consum\u00e9riste du r\u00e9seau. [Lire la suite] <\/p>\n<p><\/span><br \/>\nLire l&rsquo;article original ici:<br \/>\n<a target=\"_blank\" href=\"http:\/\/www.numerama.com\/magazine\/15177-l-inquietant-colloque-de-l-arcep-sur-la-quasi-neutralite-du-reseau.html\" rel=\"noopener noreferrer\">L&rsquo;inqui\u00e9tant colloque de l&rsquo;ARCEP sur la \u00ab\u00a0quasi-neutralit\u00e9 du r\u00e9seau\u00a0\u00bb<\/a><\/p>\n<div id=\"themify_builder_content-5096\" data-postid=\"5096\" class=\"themify_builder_content themify_builder_content-5096 themify_builder\">\n    <\/div>\n<!-- \/themify_builder_content -->\n","protected":false},"excerpt":{"rendered":"<p> L&#39;ARCEP\u00a0organise le 13 avril 2010 un colloque sur la neutralit\u00e9 du r\u00e9seau, dont la seule lecture du programme fait comprendre qu&#39;elle est d\u00e9j\u00e0 abandonn\u00e9e au profit d&#39;une &quot;neutralit\u00e9 temp\u00e9r\u00e9e&quot; ou &quot;quasineutralit\u00e9&quot; du r\u00e9seau. Plus grave, il ent\u00e9rine une vision purement consum\u00e9riste du r\u00e9seau. [Lire la suite] <\/p>\n","protected":false},"author":2,"featured_media":0,"comment_status":"open","ping_status":"open","sticky":false,"template":"","format":"standard","meta":{"footnotes":""},"categories":[6],"tags":[2222,3591,4015],"class_list":["post-5096","post","type-post","status-publish","format-standard","hentry","category-liens-automatiques","tag-lifestream","tag-stan","tag-veille","has-post-title","has-post-date","has-post-category","has-post-tag","has-post-comment","has-post-author",""],"builder_content":"","_links":{"self":[{"href":"https:\/\/stanetdam.com\/index.php?rest_route=\/wp\/v2\/posts\/5096","targetHints":{"allow":["GET"]}}],"collection":[{"href":"https:\/\/stanetdam.com\/index.php?rest_route=\/wp\/v2\/posts"}],"about":[{"href":"https:\/\/stanetdam.com\/index.php?rest_route=\/wp\/v2\/types\/post"}],"author":[{"embeddable":true,"href":"https:\/\/stanetdam.com\/index.php?rest_route=\/wp\/v2\/users\/2"}],"replies":[{"embeddable":true,"href":"https:\/\/stanetdam.com\/index.php?rest_route=%2Fwp%2Fv2%2Fcomments&post=5096"}],"version-history":[{"count":0,"href":"https:\/\/stanetdam.com\/index.php?rest_route=\/wp\/v2\/posts\/5096\/revisions"}],"wp:attachment":[{"href":"https:\/\/stanetdam.com\/index.php?rest_route=%2Fwp%2Fv2%2Fmedia&parent=5096"}],"wp:term":[{"taxonomy":"category","embeddable":true,"href":"https:\/\/stanetdam.com\/index.php?rest_route=%2Fwp%2Fv2%2Fcategories&post=5096"},{"taxonomy":"post_tag","embeddable":true,"href":"https:\/\/stanetdam.com\/index.php?rest_route=%2Fwp%2Fv2%2Ftags&post=5096"}],"curies":[{"name":"wp","href":"https:\/\/api.w.org\/{rel}","templated":true}]}}