{"id":5076,"date":"2010-03-02T08:30:34","date_gmt":"2010-03-02T07:30:34","guid":{"rendered":"http:\/\/www.stanetdam.com\/?p=5076"},"modified":"2010-03-02T08:30:34","modified_gmt":"2010-03-02T07:30:34","slug":"du-hdmi-sur-les-nouveaux-mac-mini","status":"publish","type":"post","link":"https:\/\/stanetdam.com\/?p=5076","title":{"rendered":"Du HDMI sur les nouveaux Mac Mini ?"},"content":{"rendered":"<p>Le Mac Mini est une sorte d&rsquo;OVNI : miracle technologique (miniaturisation parfaite), initialement fait pour pousser les \u00ab\u00a0PC users\u00a0\u00bb \u00e0 switcher vers du Mac, sans cesse victime de rumeurs de disparitions, il reste au catalogue Apple et devient une machine des plus hypes.<\/p>\n<p>Pourquoi ? Car au fil du temps c&rsquo;est une sorte de machine-test pour Apple, qui le voit devenir une sorte de m\u00e9dia center \u00e0 tout faire, dammant le pion \u00e0 un AppleTV trop brid\u00e9 pour \u00eatre honn\u00eate.<\/p>\n<p>A ce jour, le Mac Mini int\u00e8gre une connectique vid\u00e9o de type DVI ou mini-DisplayPort, avec un probl\u00e8me commun : le son ne peut sortir via le c\u00e2ble vid\u00e9o, il est obligatoire de raccorder la b\u00eate via un c\u00e2ble audio s\u00e9par\u00e9.<\/p>\n<p style=\"text-align: center;\"><img loading=\"lazy\" decoding=\"async\" class=\"aligncenter\" title=\"Mac Mini HDMI\" src=\"http:\/\/images.appleinsider.com\/macmini-100227-2.png\" alt=\"\" width=\"523\" height=\"167\" \/><\/p>\n<p>Une rumeur (merci <a href=\"http:\/\/www.appleinsider.com\/articles\/10\/03\/01\/apple_prepping_first_macs_with_hdmi_sources.html\" target=\"_blank\" rel=\"noopener noreferrer\">AppleInsider<\/a> !) ferait \u00e9tat de l&rsquo;arriv\u00e9e du HDMI sur le Mac Mini (et peut-\u00eatre du Blu-Ray par la m\u00eame occasion, m\u00eame si Jobs n&rsquo;est pas un grand supporter de ce format), ce qui en ferait <em>de facto<\/em> une superbe machine pour le salon, petite, silencieuse, puissante, \u00e0 brancher sur tout \u00e9cran plat qui se respecte.<\/p>\n<p>Le mac Mini, futur best-seller du salon ? Si vous y ajoutez <a href=\"http:\/\/www.plexapp.com\/\">Plex<\/a> ou <a href=\"http:\/\/www.xbmc.fr\/\" target=\"_blank\" rel=\"noopener noreferrer\">XBMC<\/a>, n&rsquo;alez pas chercher plus loin (ok, Stan voudra mettre du <a href=\"http:\/\/www.microsoft.com\/france\/windows\/products\/windowsvista\/features\/details\/mediacenter.mspx\" target=\"_blank\" rel=\"noopener noreferrer\">Windows 7 Mediacenter,<\/a> je le laisse expliquer pourquoi \ud83d\ude42 ).<\/p>\n<div id=\"themify_builder_content-5076\" data-postid=\"5076\" class=\"themify_builder_content themify_builder_content-5076 themify_builder\">\n    <\/div>\n<!-- \/themify_builder_content -->\n","protected":false},"excerpt":{"rendered":"<p>Le Mac Mini est une sorte d&rsquo;OVNI : miracle technologique (miniaturisation parfaite), initialement fait pour pousser les \u00ab\u00a0PC users\u00a0\u00bb \u00e0 switcher vers du Mac, sans cesse victime de rumeurs de disparitions, il reste au catalogue Apple et devient une machine des plus hypes. Pourquoi ? Car au fil du temps c&rsquo;est une sorte de machine-test [&hellip;]<\/p>\n","protected":false},"author":3,"featured_media":0,"comment_status":"open","ping_status":"open","sticky":false,"template":"","format":"standard","meta":{"footnotes":""},"categories":[9],"tags":[21,256,1701,1702,2125,2296,2298,3620],"class_list":["post-5076","post","type-post","status-publish","format-standard","hentry","category-sd-techlounge","tag-1080p","tag-apple","tag-hdmi","tag-hdtv","tag-lcd","tag-mac","tag-mac-mini","tag-steve-jobs","has-post-title","has-post-date","has-post-category","has-post-tag","has-post-comment","has-post-author",""],"builder_content":"","_links":{"self":[{"href":"https:\/\/stanetdam.com\/index.php?rest_route=\/wp\/v2\/posts\/5076","targetHints":{"allow":["GET"]}}],"collection":[{"href":"https:\/\/stanetdam.com\/index.php?rest_route=\/wp\/v2\/posts"}],"about":[{"href":"https:\/\/stanetdam.com\/index.php?rest_route=\/wp\/v2\/types\/post"}],"author":[{"embeddable":true,"href":"https:\/\/stanetdam.com\/index.php?rest_route=\/wp\/v2\/users\/3"}],"replies":[{"embeddable":true,"href":"https:\/\/stanetdam.com\/index.php?rest_route=%2Fwp%2Fv2%2Fcomments&post=5076"}],"version-history":[{"count":0,"href":"https:\/\/stanetdam.com\/index.php?rest_route=\/wp\/v2\/posts\/5076\/revisions"}],"wp:attachment":[{"href":"https:\/\/stanetdam.com\/index.php?rest_route=%2Fwp%2Fv2%2Fmedia&parent=5076"}],"wp:term":[{"taxonomy":"category","embeddable":true,"href":"https:\/\/stanetdam.com\/index.php?rest_route=%2Fwp%2Fv2%2Fcategories&post=5076"},{"taxonomy":"post_tag","embeddable":true,"href":"https:\/\/stanetdam.com\/index.php?rest_route=%2Fwp%2Fv2%2Ftags&post=5076"}],"curies":[{"name":"wp","href":"https:\/\/api.w.org\/{rel}","templated":true}]}}