{"id":4983,"date":"2010-01-28T00:34:50","date_gmt":"2010-01-27T23:34:50","guid":{"rendered":"http:\/\/www.stanetdam.com\/?p=4983"},"modified":"2010-01-28T00:34:50","modified_gmt":"2010-01-27T23:34:50","slug":"apple-ipad-alors-decu","status":"publish","type":"post","link":"https:\/\/stanetdam.com\/?p=4983","title":{"rendered":"Apple iPad : alors, d\u00e9\u00e7u ?"},"content":{"rendered":"<p style=\"text-align: center;\"><img loading=\"lazy\" decoding=\"async\" class=\"aligncenter\" title=\"iPad patate\" src=\"http:\/\/vidberg.blog.lemonde.fr\/files\/2010\/01\/027_islate.1264615971.gif\" alt=\"\" width=\"520\" height=\"489\" \/><em><\/em><\/p>\n<p><em>Source : <a href=\"http:\/\/vidberg.blog.lemonde.fr\/files\/2010\/01\/027_islate.1264615971.gif\" target=\"_blank\" rel=\"noopener noreferrer\">l&rsquo;actu en patate<\/a>, leMonde.fr<\/em><\/p>\n<p>L&rsquo;iPad est sortie ! Et apr\u00e8s ? Rien. C&rsquo;est un gros iPod Touch avec des applications sp\u00e9cifiques port\u00e9es dessus comme iWork. Vous \u00eates d\u00e9\u00e7us ? Moi pas. En fait, on le savait tous mais on ne voulait pas se l&rsquo;avouer, bande de geeks r\u00eaveurs que nous sommes !<\/p>\n<p>L&rsquo;iPad est le chainon manquant entre l&rsquo;iPhone et le MacBook. Regardez bien la robe de la b\u00eate et son OS : tout est un subtil m\u00e9lange des deux mondes. En fait, c&rsquo;est un MacBook Air tactile sans clavier, utilisant l&rsquo;iPhone OS et s&rsquo;\u00e9tant acoquin\u00e9 avec un cadre photo Parrot. Un peu exp\u00e9ditif, mais quand vous y r\u00e9fl\u00e9chissez&#8230;<\/p>\n<p>Donc Apple a os\u00e9 essayer de r\u00e9pondre \u00e0 cette question qui taraude le monde de l&rsquo;informatique depuis Windows 3.11 : <a href=\"http:\/\/www.01net.com\/editorial\/511571\/tablette-pc-une-histoire-deja-longue-et-truffee-dechecs\/\" target=\"_blank\" rel=\"noopener noreferrer\">mais pourquoi les tablettes ne se vendent pas<\/a> alors que plein, j&rsquo;ai dit PLEIN (HP, Acer, Microsoft, Archos&#8230;) de constructeurs s&rsquo;\u00e9chinent \u00e0 en fabriquer depuis des ann\u00e9es ? La r\u00e9ponse nous parait fade, sans v\u00e9ritable propos en termes d&rsquo;usages : serions-nous des \u00e9ternels insatisfaits ?<\/p>\n<p>En fait, il ne devait pas y avoir de surprise. Logiquement, l&rsquo;iPad est ce qu&rsquo;elle devait \u00eatre : le meilleur de tout ce qui a bien marqu\u00e9 pour la Pomme ces derni\u00e8res ann\u00e9es. Un mod\u00e8le \u00e9conomique \u00e9prouv\u00e9 (les Stores), un design simple et raffin\u00e9 (aluminium, plastique laqu\u00e9, courbes biseaut\u00e9es), du tactile du bout des doigts, une suite logicielle made in Cupertino. Aucune surprise. Et pour cause donc ! La figure de style \u00e9tait tellement casse-gueule qu&rsquo;il fallait au contraire b\u00e9tonner le concepts et capitaliser sur les 75 millions de personnes qui ont eu un iPhone ou un iPod Touch dans les mains.<\/p>\n<p>D&rsquo;o\u00f9 l&rsquo;iPad. Et notre d\u00e9ception de geek qui attendait de St Steve la r\u00e9v\u00e9lation ultime : pas de multit\u00e2che, pas de cam\u00e9ra, pas de micro, pas d\u2019USB, pas de lecteur SD, un \u00e9cran 4\/3 (id\u00e9al pour la HD voyons !), pas de sortie video HDMI&#8230;\u00a0 Et une interface pomp\u00e9e sur l&rsquo;iPhone avec un soup\u00e7on de MacOS pour la forme. Pas de nouvelles gestures, ou d&rsquo;interface 3D avec capteurs sensitifs comme les brevets d&rsquo;Apple pouvaient nous le faire croire.<\/p>\n<p>Et puis&#8230; Apple n&rsquo;en est pas \u00e0 son coup d&rsquo;essai. Tout le monde a en m\u00e9moire le formidable et maudit Newton. Tout le monde a oubli\u00e9 le concept de \u00ab\u00a0Knowledge Navigator\u00a0\u00bb (voir le film ci-dessous). Sans omettre un prototype vieux de 27 ans qui ressemble \u00e0 s&rsquo;y m\u00e9prendre \u00e0 l&rsquo;iPad.<\/p>\n<p>Bref, l&rsquo;iPad n&rsquo;est pas la nouveaut\u00e9 dont nous avions r\u00eav\u00e9, c&rsquo;est une continuit\u00e9 logique. Peut-\u00eatre Apple nous avaient-ils amen\u00e9s trop haut avec son iPhone, qui, lui, \u00e9tait une vraie rupture.<\/p>\n<p style=\"text-align: center;\">[youtube 8mLqJNDWx-8]<\/p>\n<p style=\"text-align: center;\"><img loading=\"lazy\" decoding=\"async\" class=\"aligncenter\" title=\"iPad clavier\" src=\"http:\/\/www.macplus.net\/magplus\/IMG\/jpg\/keyboard_dock_1_20100127.jpg\" alt=\"\" width=\"299\" height=\"290\" \/><img loading=\"lazy\" decoding=\"async\" class=\"aligncenter\" title=\"tablet Mac\" src=\"http:\/\/www.01net.com\/diaporama\/img\/max\/Proto%20Apple%202.jpg\" alt=\"\" width=\"450\" height=\"300\" \/><\/p>\n<div id=\"themify_builder_content-4983\" data-postid=\"4983\" class=\"themify_builder_content themify_builder_content-4983 themify_builder\">\n    <\/div>\n<!-- \/themify_builder_content -->\n","protected":false},"excerpt":{"rendered":"<p>Source : l&rsquo;actu en patate, leMonde.fr L&rsquo;iPad est sortie ! Et apr\u00e8s ? Rien. C&rsquo;est un gros iPod Touch avec des applications sp\u00e9cifiques port\u00e9es dessus comme iWork. Vous \u00eates d\u00e9\u00e7us ? Moi pas. En fait, on le savait tous mais on ne voulait pas se l&rsquo;avouer, bande de geeks r\u00eaveurs que nous sommes ! L&rsquo;iPad [&hellip;]<\/p>\n","protected":false},"author":3,"featured_media":0,"comment_status":"open","ping_status":"open","sticky":false,"template":"","format":"standard","meta":{"footnotes":""},"categories":[4,9],"tags":[256,1889,1899,2043,2296,3620],"class_list":["post-4983","post","type-post","status-publish","format-standard","hentry","category-sd-dossier","category-sd-techlounge","tag-apple","tag-ipad","tag-iphone","tag-keynote","tag-mac","tag-steve-jobs","has-post-title","has-post-date","has-post-category","has-post-tag","has-post-comment","has-post-author",""],"builder_content":"","_links":{"self":[{"href":"https:\/\/stanetdam.com\/index.php?rest_route=\/wp\/v2\/posts\/4983","targetHints":{"allow":["GET"]}}],"collection":[{"href":"https:\/\/stanetdam.com\/index.php?rest_route=\/wp\/v2\/posts"}],"about":[{"href":"https:\/\/stanetdam.com\/index.php?rest_route=\/wp\/v2\/types\/post"}],"author":[{"embeddable":true,"href":"https:\/\/stanetdam.com\/index.php?rest_route=\/wp\/v2\/users\/3"}],"replies":[{"embeddable":true,"href":"https:\/\/stanetdam.com\/index.php?rest_route=%2Fwp%2Fv2%2Fcomments&post=4983"}],"version-history":[{"count":0,"href":"https:\/\/stanetdam.com\/index.php?rest_route=\/wp\/v2\/posts\/4983\/revisions"}],"wp:attachment":[{"href":"https:\/\/stanetdam.com\/index.php?rest_route=%2Fwp%2Fv2%2Fmedia&parent=4983"}],"wp:term":[{"taxonomy":"category","embeddable":true,"href":"https:\/\/stanetdam.com\/index.php?rest_route=%2Fwp%2Fv2%2Fcategories&post=4983"},{"taxonomy":"post_tag","embeddable":true,"href":"https:\/\/stanetdam.com\/index.php?rest_route=%2Fwp%2Fv2%2Ftags&post=4983"}],"curies":[{"name":"wp","href":"https:\/\/api.w.org\/{rel}","templated":true}]}}