{"id":4933,"date":"2010-01-19T07:42:56","date_gmt":"2010-01-19T06:42:56","guid":{"rendered":"http:\/\/www.stanetdam.com\/?p=4933"},"modified":"2010-01-19T07:42:56","modified_gmt":"2010-01-19T06:42:56","slug":"camera-cafe-2-est-il-plus-corse-que-la-premiere-mouture-videos","status":"publish","type":"post","link":"https:\/\/stanetdam.com\/?p=4933","title":{"rendered":"Cam\u00e9ra caf\u00e9 2 est-il plus cors\u00e9 que la premi\u00e8re mouture ? [VIDEOS]"},"content":{"rendered":"<p style=\"text-align: left;\">Attendu depuis des ann\u00e9es par les fans de la s\u00e9rie (dont moiiiiiiiii), \u00e7a y est Cam\u00e9ra caf\u00e9 est de retour !<\/p>\n<p style=\"text-align: left;\">Toujours servi par Bruno Solo, Alain Kappauf et Yvan le Bolloc&rsquo;h, c&rsquo;est une toute nouvelle \u00e9quipe qui prend le relais, celle de la \u00ab\u00a0boite du dessus\u00a0\u00bb (d\u00e9nomination qu&rsquo;aurait d&rsquo;ailleurs pr\u00e9f\u00e9r\u00e9 Bruno Solo, mais M6 a insist\u00e9 pour Cam\u00e9ra Caf\u00e9 2).<\/p>\n<h3>Le premier \u00e9pisode diffus\u00e9 lundi soir :<\/h3>\n<p><object classid=\"clsid:d27cdb6e-ae6d-11cf-96b8-444553540000\" width=\"420\" height=\"339\" codebase=\"http:\/\/download.macromedia.com\/pub\/shockwave\/cabs\/flash\/swflash.cab#version=6,0,40,0\"><param name=\"quality\" value=\"high\" \/><param name=\"src\" value=\"http:\/\/www.123video.nl\/123video_share.swf?mediaSrc=660942\" \/><embed type=\"application\/x-shockwave-flash\" width=\"420\" height=\"339\" src=\"http:\/\/www.123video.nl\/123video_share.swf?mediaSrc=660942\" quality=\"high\"><\/embed><\/object><\/p>\n<h3>Alors, c&rsquo;est comment ?<\/h3>\n<p style=\"text-align: left;\">Invit\u00e9 mercredi dernier avec quelques autres blogueurs \u00e0 un \u00e9v\u00e8nement organis\u00e9 par M6 et <a href=\"http:\/\/www.nosite.tv\/\" target=\"_blank\" rel=\"noopener noreferrer\">Nosite<\/a> (la nouvelle soci\u00e9t\u00e9 de Thomas Cl\u00e9ment), c&rsquo;est une grande partie de l&rsquo;ancienne et la nouvelle \u00e9quipe qui nous a re\u00e7u avec beaucoup de disponibilit\u00e9.<\/p>\n<p style=\"text-align: left;\">Est-ce que c&rsquo;est mieux ? A vrai dire, sur 7 \u00e9pisodes diffus\u00e9s, 3 furent tr\u00e8s tr\u00e8s dr\u00f4les et 4 beaucoup moins. Donc mieux, non, diff\u00e9rent, oui. Certainement qu&rsquo;une chauffe des 20 auteurs qui se relaient \u00e9tait n\u00e9cessaire pour appr\u00e9hender la nouvelle bible et ses personnages.Un phase non n\u00e9gligeable de transition va \u00eatre n\u00e9cessaire pour faire oublier les personnages pr\u00e9c\u00e9dents pour qui on avait d\u00e9velopp\u00e9 une certaines affcetion&#8230; Je leur souhaite de vraiment partir en sucette dans leurs histoires et sc\u00e9narios, c&rsquo;est l\u00e0 o\u00f9 ils sont le meilleur.<\/p>\n<p style=\"text-align: left;\">Car tout est nouveau ! Et pourtant, on trouve tout de suite ses rep\u00e8res. Le d\u00e9cor est le presque le m\u00eame (l&rsquo;orange a remplac\u00e9 le jaune sur les murs), les personnages sont presque identiques poste par poste. Pourtant, les psychologies sont diff\u00e9rentes, et certaines nuances ont \u00e9t\u00e9 apport\u00e9es pour coller plus au monde de l&rsquo;entreprise actuel dixit Bruno Solo.<\/p>\n<p style=\"text-align: left;\">Yannick Choirat et Arnaud Ducret, le deux acteurs \u00ab\u00a0\u00e9quivalents\u00a0\u00bb \u00e0 Bruno Solo et Yvan le Bolloc&rsquo;h ne sont pas dans le m\u00eame registre : on sent une relation diff\u00e9rente, \u00a0moins bas\u00e9e sur une histoire commune de plusieurs ann\u00e9es et plus sur une complicit\u00e9 de sc\u00e8ne, bien pr\u00e9sente.<\/p>\n<p style=\"text-align: left;\">La nouvelle troupe compte une quinzaine d&rsquo;acteurs, tous recrut\u00e9s sur casting avec des id\u00e9es pr\u00e9cises sur ce qui \u00e9tait recherch\u00e9 : il est loin le temps des copains de Cam\u00e9ra caf\u00e9 1. C&rsquo;\u00e9tait une volont\u00e9 d\u00e9lib\u00e9r\u00e9e des producteurs, pour une question notamment de rythme de tournage (400 \u00e9pisodes de tourn\u00e9s en moiti\u00e9 moins de temps que la premi\u00e8re s\u00e9rie) et de professionnalisme : l\u00e0, aucun droit \u00e0 l&rsquo;erreur car ils \u00e9taient attendus.<\/p>\n<p style=\"text-align: left;\">\n<h3 style=\"text-align: left;\">Court ou long ?<\/h3>\n<p style=\"text-align: left;\">Je vous laisse appr\u00e9cier l&rsquo;ambiance, et les explications de l&rsquo;\u00e9quipe sur le \u00ab\u00a0comment\u00a0\u00bb ils ont travaill\u00e9 pour ce nouveau Cam\u00e9ra caf\u00e9. A noter un Yvan le Bolloc&rsquo;h assez d\u00e9tach\u00e9 d\u00e9sormais de l&rsquo;audiovisuel, pr\u00e9f\u00e9rant tourner avec ses musiciens manouches, et un Bruno Solo tr\u00e8s impliqu\u00e9 et assez inquiet du temps qui passe (la crise de la cinquantaine ?).<\/p>\n<p style=\"text-align: center;\">[youtube ZZIHnVJpBt8]<\/p>\n<p style=\"text-align: left;\">\n<p style=\"text-align: left;\">\n<p style=\"text-align: left;\">\n<h3 style=\"text-align: left;\">Potage ou chocolat ?<\/h3>\n<p style=\"text-align: left;\">Yannick Choirat et Arnaud Ducret se sont laiss\u00e9s approcher pour nous raconter leur vie leur oeuvre sans pudeur ni faux semblant (j&rsquo;adore cette phrase <span style=\"text-decoration: line-through;\">foireuse<\/span> \u00e0 la Mireille Dumas).<\/p>\n<p style=\"text-align: center;\">[youtube KGndm4_dQX8]<\/p>\n<p style=\"text-align: center;\">[youtube ukhwdyDMnNc]<\/p>\n<p style=\"text-align: left;\">\n<p style=\"text-align: left;\">\n<h3 style=\"text-align: left;\">Le suppl\u00e9ment sucre<\/h3>\n<p style=\"text-align: left;\">Merci <a href=\"http:\/\/www.vinvin.org\" target=\"_blank\" rel=\"noopener noreferrer\">Vinvin<\/a> \ud83d\ude42<\/p>\n<p style=\"text-align: left;\">\n<p style=\"text-align: center;\">\n<p style=\"text-align: center;\">[dailymotion xbvkix_camera-cafe-2-mieux-que-camera-cafe_fun nolink]<\/p>\n<div id=\"themify_builder_content-4933\" data-postid=\"4933\" class=\"themify_builder_content themify_builder_content-4933 themify_builder\">\n    <\/div>\n<!-- \/themify_builder_content -->\n","protected":false},"excerpt":{"rendered":"<p>Attendu depuis des ann\u00e9es par les fans de la s\u00e9rie (dont moiiiiiiiii), \u00e7a y est Cam\u00e9ra caf\u00e9 est de retour ! Toujours servi par Bruno Solo, Alain Kappauf et Yvan le Bolloc&rsquo;h, c&rsquo;est une toute nouvelle \u00e9quipe qui prend le relais, celle de la \u00ab\u00a0boite du dessus\u00a0\u00bb (d\u00e9nomination qu&rsquo;aurait d&rsquo;ailleurs pr\u00e9f\u00e9r\u00e9 Bruno Solo, mais M6 [&hellip;]<\/p>\n","protected":false},"author":3,"featured_media":0,"comment_status":"open","ping_status":"open","sticky":false,"template":"","format":"standard","meta":{"footnotes":""},"categories":[2,7],"tags":[563,602,603,1051,1550,2294,4254],"class_list":["post-4933","post","type-post","status-publish","format-standard","hentry","category-loisiretportnawak","category-sd_prod","tag-bruno-solo","tag-camera-cafe","tag-camera-cafe-2","tag-digix","tag-geugene","tag-m6","tag-yvan-le-bolloch","has-post-title","has-post-date","has-post-category","has-post-tag","has-post-comment","has-post-author",""],"builder_content":"","_links":{"self":[{"href":"https:\/\/stanetdam.com\/index.php?rest_route=\/wp\/v2\/posts\/4933","targetHints":{"allow":["GET"]}}],"collection":[{"href":"https:\/\/stanetdam.com\/index.php?rest_route=\/wp\/v2\/posts"}],"about":[{"href":"https:\/\/stanetdam.com\/index.php?rest_route=\/wp\/v2\/types\/post"}],"author":[{"embeddable":true,"href":"https:\/\/stanetdam.com\/index.php?rest_route=\/wp\/v2\/users\/3"}],"replies":[{"embeddable":true,"href":"https:\/\/stanetdam.com\/index.php?rest_route=%2Fwp%2Fv2%2Fcomments&post=4933"}],"version-history":[{"count":0,"href":"https:\/\/stanetdam.com\/index.php?rest_route=\/wp\/v2\/posts\/4933\/revisions"}],"wp:attachment":[{"href":"https:\/\/stanetdam.com\/index.php?rest_route=%2Fwp%2Fv2%2Fmedia&parent=4933"}],"wp:term":[{"taxonomy":"category","embeddable":true,"href":"https:\/\/stanetdam.com\/index.php?rest_route=%2Fwp%2Fv2%2Fcategories&post=4933"},{"taxonomy":"post_tag","embeddable":true,"href":"https:\/\/stanetdam.com\/index.php?rest_route=%2Fwp%2Fv2%2Ftags&post=4933"}],"curies":[{"name":"wp","href":"https:\/\/api.w.org\/{rel}","templated":true}]}}