{"id":4924,"date":"2010-01-18T12:00:51","date_gmt":"2010-01-18T11:00:51","guid":{"rendered":"http:\/\/www.stanetdam.com\/?p=4924"},"modified":"2010-01-18T12:00:51","modified_gmt":"2010-01-18T11:00:51","slug":"la-pause-de-midi-jai-la-bamba-triste","status":"publish","type":"post","link":"https:\/\/stanetdam.com\/?p=4924","title":{"rendered":"[La Pause de Midi] J&rsquo;ai la Bamba triste"},"content":{"rendered":"<p>Non, je ne suis pas nostalgique de Richi Valens et sa Bamba, <a href=\"http:\/\/fr.wikipedia.org\/wiki\/Ritchie_Valens\" target=\"_blank\" rel=\"noopener noreferrer\">malgr\u00e9 sa mort tragique<\/a> que tout le monde a encore dans les m\u00e9moires (non ? ah bon ?).<\/p>\n<p>Cette star en a inspir\u00e9 d&rsquo;autres, comme Pierre Billon qui partage avec nous cette d\u00e9tresse (y a pas d&rsquo;autre mot) alors en vacances \u00e0 Mont-Gen\u00e8vre.<\/p>\n<p>Merci \u00e0 Caro pour cette grande d\u00e9couverte comme je les aime.<\/p>\n<p><span style=\"text-decoration: underline;\">Point fort<\/span> : la tenue 188 218<\/p>\n<p style=\"text-align: center;\">[youtube -ecg5_Y08KI]<\/p>\n<div id=\"themify_builder_content-4924\" data-postid=\"4924\" class=\"themify_builder_content themify_builder_content-4924 themify_builder\">\n    <\/div>\n<!-- \/themify_builder_content -->\n","protected":false},"excerpt":{"rendered":"<p>Non, je ne suis pas nostalgique de Richi Valens et sa Bamba, malgr\u00e9 sa mort tragique que tout le monde a encore dans les m\u00e9moires (non ? ah bon ?). Cette star en a inspir\u00e9 d&rsquo;autres, comme Pierre Billon qui partage avec nous cette d\u00e9tresse (y a pas d&rsquo;autre mot) alors en vacances \u00e0 Mont-Gen\u00e8vre. [&hellip;]<\/p>\n","protected":false},"author":3,"featured_media":0,"comment_status":"open","ping_status":"open","sticky":false,"template":"","format":"standard","meta":{"footnotes":""},"categories":[5],"tags":[681,2626,2974],"class_list":["post-4924","post","type-post","status-publish","format-standard","hentry","category-la-pause-de-midi","tag-chanson","tag-nanars","tag-pierre-billon","has-post-title","has-post-date","has-post-category","has-post-tag","has-post-comment","has-post-author",""],"builder_content":"","_links":{"self":[{"href":"https:\/\/stanetdam.com\/index.php?rest_route=\/wp\/v2\/posts\/4924","targetHints":{"allow":["GET"]}}],"collection":[{"href":"https:\/\/stanetdam.com\/index.php?rest_route=\/wp\/v2\/posts"}],"about":[{"href":"https:\/\/stanetdam.com\/index.php?rest_route=\/wp\/v2\/types\/post"}],"author":[{"embeddable":true,"href":"https:\/\/stanetdam.com\/index.php?rest_route=\/wp\/v2\/users\/3"}],"replies":[{"embeddable":true,"href":"https:\/\/stanetdam.com\/index.php?rest_route=%2Fwp%2Fv2%2Fcomments&post=4924"}],"version-history":[{"count":0,"href":"https:\/\/stanetdam.com\/index.php?rest_route=\/wp\/v2\/posts\/4924\/revisions"}],"wp:attachment":[{"href":"https:\/\/stanetdam.com\/index.php?rest_route=%2Fwp%2Fv2%2Fmedia&parent=4924"}],"wp:term":[{"taxonomy":"category","embeddable":true,"href":"https:\/\/stanetdam.com\/index.php?rest_route=%2Fwp%2Fv2%2Fcategories&post=4924"},{"taxonomy":"post_tag","embeddable":true,"href":"https:\/\/stanetdam.com\/index.php?rest_route=%2Fwp%2Fv2%2Ftags&post=4924"}],"curies":[{"name":"wp","href":"https:\/\/api.w.org\/{rel}","templated":true}]}}