{"id":4818,"date":"2009-12-09T10:54:27","date_gmt":"2009-12-09T09:54:27","guid":{"rendered":"http:\/\/www.stanetdam.com\/larcep-nomme-un-ancien-de-france-telecom\/"},"modified":"2009-12-09T10:54:27","modified_gmt":"2009-12-09T09:54:27","slug":"larcep-nomme-un-ancien-de-france-telecom","status":"publish","type":"post","link":"https:\/\/stanetdam.com\/?p=4818","title":{"rendered":"L&rsquo;ARCEP nomme un ancien de France Telecom"},"content":{"rendered":"<p>Stan&amp;Dam vous propose d\u00e9sormais de suivre leur lifestream. Il s\u2019agit de mettre en avant des informations int\u00e9ressantes vues sur le web, et de les faire partager \u00e0 la communaut\u00e9 du site S&amp;D. Stan a remarqu\u00e9 dans ses flux RSS le sujet suivant :<\/p>\n<p><span><\/p>\n<p>Jo\u00ebl Mau a \u00e9t\u00e9 nomm\u00e9 au poste de directeur des march\u00e9s haut\/tr\u00e8s haut d\u00e9bit et des relations avec les collectivit\u00e9s territoriales de l&rsquo;ARCEP. Jo\u00ebl Mau, ancien de France Telecom, vient ainsi remplacer S\u00e9bastien Soriano \u00e0 un poste strat\u00e9gique, \u00e0 l&rsquo;heure du d\u00e9ploiement de la fibre optique en France et des grandes controverses opposant France Telecom aux op\u00e9rateurs alternatifs. Petit r\u00e9sum\u00e9 de son parcours, extrait du communiqu\u00e9 de l&rsquo;ARCEP : \u00ab Jo\u00ebl MAU, \u00e2g\u00e9 de 45 ans, est ing\u00e9nieur du corps des mines, ancien (&#8230;) <\/p>\n<p><\/span><br \/>\nLire l&rsquo;article original ici:<br \/>\n<a target=\"_blank\" href=\"http:\/\/feedproxy.google.com\/~r\/Freenews-Freebox\/~3\/3Vl87G4Uto0\/spip.php\" title=\"L'ARCEP nomme un ancien de France Telecom\" rel=\"noopener noreferrer\">L&rsquo;ARCEP nomme un ancien de France Telecom<\/a><\/p>\n<div id=\"themify_builder_content-4818\" data-postid=\"4818\" class=\"themify_builder_content themify_builder_content-4818 themify_builder\">\n    <\/div>\n<!-- \/themify_builder_content -->\n","protected":false},"excerpt":{"rendered":"<p>Jo\u00ebl Mau a \u00e9t\u00e9 nomm\u00e9 au poste de directeur des march\u00e9s haut\/tr\u00e8s haut d\u00e9bit et des relations avec les collectivit\u00e9s territoriales de l&rsquo;ARCEP. Jo\u00ebl Mau, ancien de France Telecom, vient ainsi remplacer S\u00e9bastien Soriano \u00e0 un poste strat\u00e9gique, \u00e0 l&rsquo;heure du d\u00e9ploiement de la fibre optique en France et des grandes controverses opposant France Telecom aux op\u00e9rateurs alternatifs. Petit r\u00e9sum\u00e9 de son parcours, extrait du communiqu\u00e9 de l&rsquo;ARCEP : \u00ab Jo\u00ebl MAU, \u00e2g\u00e9 de 45 ans, est ing\u00e9nieur du corps des mines, ancien (&#8230;) <\/p>\n","protected":false},"author":2,"featured_media":0,"comment_status":"open","ping_status":"open","sticky":false,"template":"","format":"standard","meta":{"footnotes":""},"categories":[6],"tags":[1589,1617,3192,3591],"class_list":["post-4818","post","type-post","status-publish","format-standard","hentry","category-liens-automatiques","tag-google","tag-google-reader","tag-reader","tag-stan","has-post-title","has-post-date","has-post-category","has-post-tag","has-post-comment","has-post-author",""],"builder_content":"","_links":{"self":[{"href":"https:\/\/stanetdam.com\/index.php?rest_route=\/wp\/v2\/posts\/4818","targetHints":{"allow":["GET"]}}],"collection":[{"href":"https:\/\/stanetdam.com\/index.php?rest_route=\/wp\/v2\/posts"}],"about":[{"href":"https:\/\/stanetdam.com\/index.php?rest_route=\/wp\/v2\/types\/post"}],"author":[{"embeddable":true,"href":"https:\/\/stanetdam.com\/index.php?rest_route=\/wp\/v2\/users\/2"}],"replies":[{"embeddable":true,"href":"https:\/\/stanetdam.com\/index.php?rest_route=%2Fwp%2Fv2%2Fcomments&post=4818"}],"version-history":[{"count":0,"href":"https:\/\/stanetdam.com\/index.php?rest_route=\/wp\/v2\/posts\/4818\/revisions"}],"wp:attachment":[{"href":"https:\/\/stanetdam.com\/index.php?rest_route=%2Fwp%2Fv2%2Fmedia&parent=4818"}],"wp:term":[{"taxonomy":"category","embeddable":true,"href":"https:\/\/stanetdam.com\/index.php?rest_route=%2Fwp%2Fv2%2Fcategories&post=4818"},{"taxonomy":"post_tag","embeddable":true,"href":"https:\/\/stanetdam.com\/index.php?rest_route=%2Fwp%2Fv2%2Ftags&post=4818"}],"curies":[{"name":"wp","href":"https:\/\/api.w.org\/{rel}","templated":true}]}}