{"id":4764,"date":"2009-11-17T12:00:26","date_gmt":"2009-11-17T11:00:26","guid":{"rendered":"http:\/\/www.stanetdam.com\/frederic-lefebvre-a-t-il-touche-de-largent-des-lobbys-audiovisuels\/"},"modified":"2009-11-17T12:00:26","modified_gmt":"2009-11-17T11:00:26","slug":"frederic-lefebvre-a-t-il-touche-de-largent-des-lobbys-audiovisuels","status":"publish","type":"post","link":"https:\/\/stanetdam.com\/?p=4764","title":{"rendered":"Fr\u00e9d\u00e9ric Lefebvre a-t-il touch\u00e9 de l&rsquo;argent des lobbys audiovisuels ?"},"content":{"rendered":"<p>Stan&amp;Dam vous propose d\u00e9sormais de suivre leur lifestream. Il s\u2019agit de mettre en avant des informations int\u00e9ressantes vues sur le web, et de les faire partager \u00e0 la communaut\u00e9 du site S&amp;D. Stan a remarqu\u00e9 dans ses flux RSS le sujet suivant :<\/p>\n<p><span><\/p>\n<p> Comme le r\u00e9v\u00e8le Le Post, le porte-parole de l&#39;UMP Fr\u00e9d\u00e9ric Lefebvre a touch\u00e9 pr\u00e8s de 200.000 euros de dividendes de la soci\u00e9t\u00e9 PIC\u00a0Conseil qu&#39;il avait fond\u00e9e en 2002.\u00a0L&#39;ancien d\u00e9put\u00e9 assure que PIC n&#39;a plus d&#39;activit\u00e9 de lobby, mais elle reste co-propri\u00e9taire \u00e0 50\u00a0% d&#39;une soci\u00e9t\u00e9 de lobbying qui compte Bouygues parmi ses plus gros clients. [Lire la suite] <\/p>\n<p><\/span><br \/>\nLire l&rsquo;article original ici:<br \/>\n<a target=\"_blank\" href=\"http:\/\/www.numerama.com\/magazine\/14504-frederic-lefebvre-a-t-il-touche-de-l-argent-des-lobbys-audiovisuels.html\" title=\"Fr\u00e9d\u00e9ric Lefebvre a-t-il touch\u00e9 de l'argent des lobbys audiovisuels ?\" rel=\"noopener noreferrer\">Fr\u00e9d\u00e9ric Lefebvre a-t-il touch\u00e9 de l&rsquo;argent des lobbys audiovisuels ?<\/a><\/p>\n<div id=\"themify_builder_content-4764\" data-postid=\"4764\" class=\"themify_builder_content themify_builder_content-4764 themify_builder\">\n    <\/div>\n<!-- \/themify_builder_content -->\n","protected":false},"excerpt":{"rendered":"<p> Comme le r\u00e9v\u00e8le Le Post, le porte-parole de l&#39;UMP Fr\u00e9d\u00e9ric Lefebvre a touch\u00e9 pr\u00e8s de 200.000 euros de dividendes de la soci\u00e9t\u00e9 PIC\u00a0Conseil qu&#39;il avait fond\u00e9e en 2002.\u00a0L&#39;ancien d\u00e9put\u00e9 assure que PIC n&#39;a plus d&#39;activit\u00e9 de lobby, mais elle reste co-propri\u00e9taire \u00e0 50\u00a0% d&#39;une soci\u00e9t\u00e9 de lobbying qui compte Bouygues parmi ses plus gros clients. [Lire la suite] <\/p>\n","protected":false},"author":2,"featured_media":0,"comment_status":"open","ping_status":"open","sticky":false,"template":"","format":"standard","meta":{"footnotes":""},"categories":[6],"tags":[3192,3591],"class_list":["post-4764","post","type-post","status-publish","format-standard","hentry","category-liens-automatiques","tag-reader","tag-stan","has-post-title","has-post-date","has-post-category","has-post-tag","has-post-comment","has-post-author",""],"builder_content":"","_links":{"self":[{"href":"https:\/\/stanetdam.com\/index.php?rest_route=\/wp\/v2\/posts\/4764","targetHints":{"allow":["GET"]}}],"collection":[{"href":"https:\/\/stanetdam.com\/index.php?rest_route=\/wp\/v2\/posts"}],"about":[{"href":"https:\/\/stanetdam.com\/index.php?rest_route=\/wp\/v2\/types\/post"}],"author":[{"embeddable":true,"href":"https:\/\/stanetdam.com\/index.php?rest_route=\/wp\/v2\/users\/2"}],"replies":[{"embeddable":true,"href":"https:\/\/stanetdam.com\/index.php?rest_route=%2Fwp%2Fv2%2Fcomments&post=4764"}],"version-history":[{"count":0,"href":"https:\/\/stanetdam.com\/index.php?rest_route=\/wp\/v2\/posts\/4764\/revisions"}],"wp:attachment":[{"href":"https:\/\/stanetdam.com\/index.php?rest_route=%2Fwp%2Fv2%2Fmedia&parent=4764"}],"wp:term":[{"taxonomy":"category","embeddable":true,"href":"https:\/\/stanetdam.com\/index.php?rest_route=%2Fwp%2Fv2%2Fcategories&post=4764"},{"taxonomy":"post_tag","embeddable":true,"href":"https:\/\/stanetdam.com\/index.php?rest_route=%2Fwp%2Fv2%2Ftags&post=4764"}],"curies":[{"name":"wp","href":"https:\/\/api.w.org\/{rel}","templated":true}]}}