{"id":4736,"date":"2009-11-13T11:02:02","date_gmt":"2009-11-13T09:02:02","guid":{"rendered":"http:\/\/www.stanetdam.com\/plan-fibre-national-le-gouvernement-ecoute-france-telecom\/"},"modified":"2009-11-13T11:02:02","modified_gmt":"2009-11-13T09:02:02","slug":"plan-fibre-national-le-gouvernement-ecoute-france-telecom","status":"publish","type":"post","link":"https:\/\/stanetdam.com\/?p=4736","title":{"rendered":"Plan fibre national : le gouvernement \u00e9coute France Telecom"},"content":{"rendered":"<p>Stan&amp;Dam vous propose d\u00e9sormais de suivre leur lifestream. Il s\u2019agit de mettre en avant des informations int\u00e9ressantes vues sur le web, et de les faire partager \u00e0 la communaut\u00e9 du site S&amp;D. Stan a remarqu\u00e9 dans ses flux RSS le sujet suivant :<\/p>\n<p><span><\/p>\n<p>La Tribune fait des r\u00e9v\u00e9lations sur le plan fibre national que Nicolas Sarkozy devrait d\u00e9voiler dans le courant du mois de d\u00e9cembre. Selon le journal, contre toute attente, le gouvernement aurait d\u00e9cid\u00e9 de c\u00e9der aux exigences de France Telecom, qui fait blocus depuis des mois, au d\u00e9triment de tous les autres op\u00e9rateurs. <\/p>\n<p><\/span><br \/>\nLire l&rsquo;article original ici:<br \/>\n<a target=\"_blank\" href=\"http:\/\/feedproxy.google.com\/~r\/Freenews-Freebox\/~3\/0hc6UzlJ2-A\/spip.php\" title=\"Plan fibre national : le gouvernement \u00e9coute France Telecom\" rel=\"noopener noreferrer\">Plan fibre national : le gouvernement \u00e9coute France Telecom<\/a><\/p>\n<div id=\"themify_builder_content-4736\" data-postid=\"4736\" class=\"themify_builder_content themify_builder_content-4736 themify_builder\">\n    <\/div>\n<!-- \/themify_builder_content -->\n","protected":false},"excerpt":{"rendered":"<p>La Tribune fait des r\u00e9v\u00e9lations sur le plan fibre national que Nicolas Sarkozy devrait d\u00e9voiler dans le courant du mois de d\u00e9cembre. Selon le journal, contre toute attente, le gouvernement aurait d\u00e9cid\u00e9 de c\u00e9der aux exigences de France Telecom, qui fait blocus depuis des mois, au d\u00e9triment de tous les autres op\u00e9rateurs. <\/p>\n","protected":false},"author":2,"featured_media":0,"comment_status":"open","ping_status":"open","sticky":false,"template":"","format":"standard","meta":{"footnotes":""},"categories":[6],"tags":[1589,1617,2222,3192],"class_list":["post-4736","post","type-post","status-publish","format-standard","hentry","category-liens-automatiques","tag-google","tag-google-reader","tag-lifestream","tag-reader","has-post-title","has-post-date","has-post-category","has-post-tag","has-post-comment","has-post-author",""],"builder_content":"","_links":{"self":[{"href":"https:\/\/stanetdam.com\/index.php?rest_route=\/wp\/v2\/posts\/4736","targetHints":{"allow":["GET"]}}],"collection":[{"href":"https:\/\/stanetdam.com\/index.php?rest_route=\/wp\/v2\/posts"}],"about":[{"href":"https:\/\/stanetdam.com\/index.php?rest_route=\/wp\/v2\/types\/post"}],"author":[{"embeddable":true,"href":"https:\/\/stanetdam.com\/index.php?rest_route=\/wp\/v2\/users\/2"}],"replies":[{"embeddable":true,"href":"https:\/\/stanetdam.com\/index.php?rest_route=%2Fwp%2Fv2%2Fcomments&post=4736"}],"version-history":[{"count":0,"href":"https:\/\/stanetdam.com\/index.php?rest_route=\/wp\/v2\/posts\/4736\/revisions"}],"wp:attachment":[{"href":"https:\/\/stanetdam.com\/index.php?rest_route=%2Fwp%2Fv2%2Fmedia&parent=4736"}],"wp:term":[{"taxonomy":"category","embeddable":true,"href":"https:\/\/stanetdam.com\/index.php?rest_route=%2Fwp%2Fv2%2Fcategories&post=4736"},{"taxonomy":"post_tag","embeddable":true,"href":"https:\/\/stanetdam.com\/index.php?rest_route=%2Fwp%2Fv2%2Ftags&post=4736"}],"curies":[{"name":"wp","href":"https:\/\/api.w.org\/{rel}","templated":true}]}}