{"id":4732,"date":"2009-11-04T14:08:32","date_gmt":"2009-11-04T12:08:32","guid":{"rendered":"http:\/\/www.stanetdam.com\/lancien-directeur-de-cabinet-dalbanel-medaille-des-arts-et-des-lettres\/"},"modified":"2009-11-04T14:08:32","modified_gmt":"2009-11-04T12:08:32","slug":"lancien-directeur-de-cabinet-dalbanel-medaille-des-arts-et-des-lettres","status":"publish","type":"post","link":"https:\/\/stanetdam.com\/?p=4732","title":{"rendered":"L&rsquo;ancien directeur de cabinet d&rsquo;Albanel m\u00e9daill\u00e9 des Arts et des Lettres ?"},"content":{"rendered":"<p>Stan&amp;Dam vous propose d\u00e9sormais de suivre leur lifestream. Il s\u2019agit de mettre en avant des informations int\u00e9ressantes vues sur le web, et de les faire partager \u00e0 la communaut\u00e9 du site S&amp;D. Stan a remarqu\u00e9 dans ses flux RSS le sujet suivant :<\/p>\n<p><span><\/p>\n<p> Ca reste \u00e0 v\u00e9rifier, mais la source est tr\u00e8s cr\u00e9dible.\u00a0L&#39;information serait visible dans le dernier Journal Officiel des D\u00e9corations, M\u00e9dailles et R\u00e9compenses , qui n&#39;est pas publi\u00e9 en ligne (vive la modernit\u00e9) et que nous n&#39;avons pas pu nous procurer.\u00a0Selon le blogueur et juriste Samuel Authueil , \u00a0\u00bb la moiti\u00e9 du cabinet d&rsquo;Albanel vient de recevoir la m\u00e9daille des arts et lettres \u00ab\u00a0. [Lire la suite] <\/p>\n<p><\/span><br \/>\nLire l&rsquo;article original ici:<br \/>\n<a target=\"_blank\" href=\"http:\/\/www.numerama.com\/magazine\/14417-l-ancien-directeur-de-cabinet-d-albanel-medaille-des-arts-et-des-lettres.html\" title=\"L'ancien directeur de cabinet d'Albanel m\u00e9daill\u00e9 des Arts et des Lettres ?\" rel=\"noopener noreferrer\">L&rsquo;ancien directeur de cabinet d&rsquo;Albanel m\u00e9daill\u00e9 des Arts et des Lettres ?<\/a><\/p>\n<div id=\"themify_builder_content-4732\" data-postid=\"4732\" class=\"themify_builder_content themify_builder_content-4732 themify_builder\">\n    <\/div>\n<!-- \/themify_builder_content -->\n","protected":false},"excerpt":{"rendered":"<p> Ca reste \u00e0 v\u00e9rifier, mais la source est tr\u00e8s cr\u00e9dible.\u00a0L&#39;information serait visible dans le dernier Journal Officiel des D\u00e9corations, M\u00e9dailles et R\u00e9compenses , qui n&#39;est pas publi\u00e9 en ligne (vive la modernit\u00e9) et que nous n&#39;avons pas pu nous procurer.\u00a0Selon le blogueur et juriste Samuel Authueil , \u00a0\u00bb la moiti\u00e9 du cabinet d&rsquo;Albanel vient de recevoir la m\u00e9daille des arts et lettres \u00ab\u00a0. [Lire la suite] <\/p>\n","protected":false},"author":2,"featured_media":0,"comment_status":"open","ping_status":"open","sticky":false,"template":"","format":"standard","meta":{"footnotes":""},"categories":[6],"tags":[1617,3192],"class_list":["post-4732","post","type-post","status-publish","format-standard","hentry","category-liens-automatiques","tag-google-reader","tag-reader","has-post-title","has-post-date","has-post-category","has-post-tag","has-post-comment","has-post-author",""],"builder_content":"","_links":{"self":[{"href":"https:\/\/stanetdam.com\/index.php?rest_route=\/wp\/v2\/posts\/4732","targetHints":{"allow":["GET"]}}],"collection":[{"href":"https:\/\/stanetdam.com\/index.php?rest_route=\/wp\/v2\/posts"}],"about":[{"href":"https:\/\/stanetdam.com\/index.php?rest_route=\/wp\/v2\/types\/post"}],"author":[{"embeddable":true,"href":"https:\/\/stanetdam.com\/index.php?rest_route=\/wp\/v2\/users\/2"}],"replies":[{"embeddable":true,"href":"https:\/\/stanetdam.com\/index.php?rest_route=%2Fwp%2Fv2%2Fcomments&post=4732"}],"version-history":[{"count":0,"href":"https:\/\/stanetdam.com\/index.php?rest_route=\/wp\/v2\/posts\/4732\/revisions"}],"wp:attachment":[{"href":"https:\/\/stanetdam.com\/index.php?rest_route=%2Fwp%2Fv2%2Fmedia&parent=4732"}],"wp:term":[{"taxonomy":"category","embeddable":true,"href":"https:\/\/stanetdam.com\/index.php?rest_route=%2Fwp%2Fv2%2Fcategories&post=4732"},{"taxonomy":"post_tag","embeddable":true,"href":"https:\/\/stanetdam.com\/index.php?rest_route=%2Fwp%2Fv2%2Ftags&post=4732"}],"curies":[{"name":"wp","href":"https:\/\/api.w.org\/{rel}","templated":true}]}}