{"id":4698,"date":"2009-10-23T16:20:04","date_gmt":"2009-10-23T14:20:04","guid":{"rendered":"http:\/\/www.stanetdam.com\/la-cnil-accorde-sa-benediction-aux-decrets-edvige-1-et-2\/"},"modified":"2009-10-23T16:20:04","modified_gmt":"2009-10-23T14:20:04","slug":"la-cnil-accorde-sa-benediction-aux-decrets-edvige-1-et-2","status":"publish","type":"post","link":"https:\/\/stanetdam.com\/?p=4698","title":{"rendered":"La CNIL accorde sa b\u00e9n\u00e9diction aux d\u00e9crets Edvige 1 et 2"},"content":{"rendered":"<p>Stan&amp;Dam vous propose d\u00e9sormais de suivre leur lifestream. Il s\u2019agit de mettre en avant des informations int\u00e9ressantes vues sur le web, et de les faire partager \u00e0 la communaut\u00e9 du site S&amp;D. Stan a remarqu\u00e9 dans ses flux RSS le sujet suivant :<\/p>\n<p><span><\/p>\n<p>La CNIL s&rsquo;est pench\u00e9e sur les deux d\u00e9crets r\u00e9g\u00e9n\u00e9rant le fichier \u00ab EDVIGE \u00bb. Les critiques entendues un peu partout n&rsquo;auront pas eu le m\u00eame \u00e9cho aupr\u00e8s de la Commission charg\u00e9e de d\u00e9fendre les donn\u00e9es personnelles : \u00ab la CNIL a obtenu que la mise en &#8230;<\/p>\n<p><\/span><br \/>\nLire l&rsquo;article original ici:<br \/>\n<a target=\"_blank\" href=\"http:\/\/www.pcinpact.com\/actu\/news\/53792-edivge-decret-fichiers-cnil-garanties.htm\" title=\"La CNIL accorde sa b\u00e9n\u00e9diction aux d\u00e9crets Edvige 1 et 2\" rel=\"noopener noreferrer\">La CNIL accorde sa b\u00e9n\u00e9diction aux d\u00e9crets Edvige 1 et 2<\/a><\/p>\n<div id=\"themify_builder_content-4698\" data-postid=\"4698\" class=\"themify_builder_content themify_builder_content-4698 themify_builder\">\n    <\/div>\n<!-- \/themify_builder_content -->\n","protected":false},"excerpt":{"rendered":"<p>La CNIL s&rsquo;est pench\u00e9e sur les deux d\u00e9crets r\u00e9g\u00e9n\u00e9rant le fichier \u00ab EDVIGE \u00bb. Les critiques entendues un peu partout n&rsquo;auront pas eu le m\u00eame \u00e9cho aupr\u00e8s de la Commission charg\u00e9e de d\u00e9fendre les donn\u00e9es personnelles : \u00ab la CNIL a obtenu que la mise en &#8230;<\/p>\n","protected":false},"author":2,"featured_media":0,"comment_status":"open","ping_status":"open","sticky":false,"template":"","format":"standard","meta":{"footnotes":""},"categories":[6],"tags":[1589,1617,3192,3591,4015],"class_list":["post-4698","post","type-post","status-publish","format-standard","hentry","category-liens-automatiques","tag-google","tag-google-reader","tag-reader","tag-stan","tag-veille","has-post-title","has-post-date","has-post-category","has-post-tag","has-post-comment","has-post-author",""],"builder_content":"","_links":{"self":[{"href":"https:\/\/stanetdam.com\/index.php?rest_route=\/wp\/v2\/posts\/4698","targetHints":{"allow":["GET"]}}],"collection":[{"href":"https:\/\/stanetdam.com\/index.php?rest_route=\/wp\/v2\/posts"}],"about":[{"href":"https:\/\/stanetdam.com\/index.php?rest_route=\/wp\/v2\/types\/post"}],"author":[{"embeddable":true,"href":"https:\/\/stanetdam.com\/index.php?rest_route=\/wp\/v2\/users\/2"}],"replies":[{"embeddable":true,"href":"https:\/\/stanetdam.com\/index.php?rest_route=%2Fwp%2Fv2%2Fcomments&post=4698"}],"version-history":[{"count":0,"href":"https:\/\/stanetdam.com\/index.php?rest_route=\/wp\/v2\/posts\/4698\/revisions"}],"wp:attachment":[{"href":"https:\/\/stanetdam.com\/index.php?rest_route=%2Fwp%2Fv2%2Fmedia&parent=4698"}],"wp:term":[{"taxonomy":"category","embeddable":true,"href":"https:\/\/stanetdam.com\/index.php?rest_route=%2Fwp%2Fv2%2Fcategories&post=4698"},{"taxonomy":"post_tag","embeddable":true,"href":"https:\/\/stanetdam.com\/index.php?rest_route=%2Fwp%2Fv2%2Ftags&post=4698"}],"curies":[{"name":"wp","href":"https:\/\/api.w.org\/{rel}","templated":true}]}}