{"id":4688,"date":"2009-10-21T10:48:00","date_gmt":"2009-10-21T08:48:00","guid":{"rendered":"http:\/\/www.stanetdam.com\/la-version-definitive-de-lamendement-de-compromis-un-texte-anti-hadopi-2\/"},"modified":"2009-10-21T10:48:00","modified_gmt":"2009-10-21T08:48:00","slug":"la-version-definitive-de-lamendement-de-compromis-un-texte-anti-hadopi-2","status":"publish","type":"post","link":"https:\/\/stanetdam.com\/?p=4688","title":{"rendered":"La version d\u00e9finitive de l&rsquo;amendement de compromis, un texte anti-Hadopi 2 ?"},"content":{"rendered":"<p>Stan&amp;Dam vous propose d\u00e9sormais de suivre leur lifestream. Il s\u2019agit de mettre en avant des informations int\u00e9ressantes vues sur le web, et de les faire partager \u00e0 la communaut\u00e9 du site S&amp;D. Stan a remarqu\u00e9 dans ses flux RSS le sujet suivant :<\/p>\n<p><span><\/p>\n<p>Le bureau de Catherine Trautmann nous a transmis la version d\u00e9finitive de l&rsquo;amendement de compromis, amendement \u00ab neutralis\u00e9 \u00bb puisqu&rsquo;il n&rsquo;impose plus l&rsquo;intervention du juge avant une atteinte \u00e0 une libert\u00e9 ou un droit fondamental.<\/p>\n<p><\/span><br \/>\nLire l&rsquo;article original ici:<br \/>\n<a target=\"_blank\" href=\"http:\/\/www.pcinpact.com\/actu\/news\/53726-catherine-trautmann-amendement-compromis-138.htm\" title=\"La version d\u00e9finitive de l'amendement de compromis, un texte anti-Hadopi 2 ?\" rel=\"noopener noreferrer\">La version d\u00e9finitive de l&rsquo;amendement de compromis, un texte anti-Hadopi 2 ?<\/a><\/p>\n<div id=\"themify_builder_content-4688\" data-postid=\"4688\" class=\"themify_builder_content themify_builder_content-4688 themify_builder\">\n    <\/div>\n<!-- \/themify_builder_content -->\n","protected":false},"excerpt":{"rendered":"<p>Le bureau de Catherine Trautmann nous a transmis la version d\u00e9finitive de l&rsquo;amendement de compromis, amendement \u00ab neutralis\u00e9 \u00bb puisqu&rsquo;il n&rsquo;impose plus l&rsquo;intervention du juge avant une atteinte \u00e0 une libert\u00e9 ou un droit fondamental.<\/p>\n","protected":false},"author":2,"featured_media":0,"comment_status":"open","ping_status":"open","sticky":false,"template":"","format":"standard","meta":{"footnotes":""},"categories":[6],"tags":[1589,3192,3591],"class_list":["post-4688","post","type-post","status-publish","format-standard","hentry","category-liens-automatiques","tag-google","tag-reader","tag-stan","has-post-title","has-post-date","has-post-category","has-post-tag","has-post-comment","has-post-author",""],"builder_content":"","_links":{"self":[{"href":"https:\/\/stanetdam.com\/index.php?rest_route=\/wp\/v2\/posts\/4688","targetHints":{"allow":["GET"]}}],"collection":[{"href":"https:\/\/stanetdam.com\/index.php?rest_route=\/wp\/v2\/posts"}],"about":[{"href":"https:\/\/stanetdam.com\/index.php?rest_route=\/wp\/v2\/types\/post"}],"author":[{"embeddable":true,"href":"https:\/\/stanetdam.com\/index.php?rest_route=\/wp\/v2\/users\/2"}],"replies":[{"embeddable":true,"href":"https:\/\/stanetdam.com\/index.php?rest_route=%2Fwp%2Fv2%2Fcomments&post=4688"}],"version-history":[{"count":0,"href":"https:\/\/stanetdam.com\/index.php?rest_route=\/wp\/v2\/posts\/4688\/revisions"}],"wp:attachment":[{"href":"https:\/\/stanetdam.com\/index.php?rest_route=%2Fwp%2Fv2%2Fmedia&parent=4688"}],"wp:term":[{"taxonomy":"category","embeddable":true,"href":"https:\/\/stanetdam.com\/index.php?rest_route=%2Fwp%2Fv2%2Fcategories&post=4688"},{"taxonomy":"post_tag","embeddable":true,"href":"https:\/\/stanetdam.com\/index.php?rest_route=%2Fwp%2Fv2%2Ftags&post=4688"}],"curies":[{"name":"wp","href":"https:\/\/api.w.org\/{rel}","templated":true}]}}