{"id":4656,"date":"2009-10-13T11:25:17","date_gmt":"2009-10-13T09:25:17","guid":{"rendered":"http:\/\/www.stanetdam.com\/le-dell-adamo-xps-de-profil\/"},"modified":"2009-10-13T11:25:17","modified_gmt":"2009-10-13T09:25:17","slug":"le-dell-adamo-xps-de-profil","status":"publish","type":"post","link":"https:\/\/stanetdam.com\/?p=4656","title":{"rendered":"Le Dell Adamo XPS de profil"},"content":{"rendered":"<p>Stan&amp;Dam vous propose d\u00e9sormais de suivre leur lifestream. Il s\u2019agit de mettre en avant des informations int\u00e9ressantes vues sur le web, et de les faire partager \u00e0 la communaut\u00e9 du site S&amp;D. Stan a remarqu\u00e9 dans ses flux RSS le sujet suivant :<\/p>\n<p><span><\/p>\n<p> Shared by stanthewizard Je le veux !!! C\u2019est qu\u2019il est impressionnant ce Dell Adamo XPS lorsqu\u2019il est vu de profil. Non vraiment, un portable aussi fin, \u00e7a ne peut donner qu\u2019envie aux nomades que nous sommes\u2026 9.99mm d\u2019\u00e9paisseur. Le MacBook Air peut aller se rhabiller, et se retricoter un pull comme on dit\u2026 via gizmodo Partager : Tags: Adamo XPS , Dell , Portables Sur le m\u00eame sujet : Une version \u201cBordeaux\u201d pour le Dell Studio XPS ? (2) Une review pour le Dell Inspiron Mini 9 (0) Une nouvelle carte graphique pour le Dell Studio 15 (3) Une gamme Studio XPS chez Dell <\/p>\n<p><\/span><br \/>\nLire l&rsquo;article original ici:<br \/>\n<a target=\"_blank\" href=\"http:\/\/feedproxy.google.com\/~r\/LeJournalDuGeek\/~3\/kTz8hEcpRsM\/\" title=\"Le Dell Adamo XPS de profil\" rel=\"noopener noreferrer\">Le Dell Adamo XPS de profil<\/a><\/p>\n<div id=\"themify_builder_content-4656\" data-postid=\"4656\" class=\"themify_builder_content themify_builder_content-4656 themify_builder\">\n    <\/div>\n<!-- \/themify_builder_content -->\n","protected":false},"excerpt":{"rendered":"<p> Shared by stanthewizard Je le veux !!! C\u2019est qu\u2019il est impressionnant ce Dell Adamo XPS lorsqu\u2019il est vu de profil. Non vraiment, un portable aussi fin, \u00e7a ne peut donner qu\u2019envie aux nomades que nous sommes\u2026 9.99mm d\u2019\u00e9paisseur. Le MacBook Air peut aller se rhabiller, et se retricoter un pull comme on dit\u2026 via gizmodo Partager : Tags: Adamo XPS , Dell , Portables Sur le m\u00eame sujet : Une version \u201cBordeaux\u201d pour le Dell Studio XPS ? (2) Une review pour le Dell Inspiron Mini 9 (0) Une nouvelle carte graphique pour le Dell Studio 15 (3) Une gamme Studio XPS chez Dell <\/p>\n","protected":false},"author":2,"featured_media":0,"comment_status":"open","ping_status":"open","sticky":false,"template":"","format":"standard","meta":{"footnotes":""},"categories":[6],"tags":[2222,3591],"class_list":["post-4656","post","type-post","status-publish","format-standard","hentry","category-liens-automatiques","tag-lifestream","tag-stan","has-post-title","has-post-date","has-post-category","has-post-tag","has-post-comment","has-post-author",""],"builder_content":"","_links":{"self":[{"href":"https:\/\/stanetdam.com\/index.php?rest_route=\/wp\/v2\/posts\/4656","targetHints":{"allow":["GET"]}}],"collection":[{"href":"https:\/\/stanetdam.com\/index.php?rest_route=\/wp\/v2\/posts"}],"about":[{"href":"https:\/\/stanetdam.com\/index.php?rest_route=\/wp\/v2\/types\/post"}],"author":[{"embeddable":true,"href":"https:\/\/stanetdam.com\/index.php?rest_route=\/wp\/v2\/users\/2"}],"replies":[{"embeddable":true,"href":"https:\/\/stanetdam.com\/index.php?rest_route=%2Fwp%2Fv2%2Fcomments&post=4656"}],"version-history":[{"count":0,"href":"https:\/\/stanetdam.com\/index.php?rest_route=\/wp\/v2\/posts\/4656\/revisions"}],"wp:attachment":[{"href":"https:\/\/stanetdam.com\/index.php?rest_route=%2Fwp%2Fv2%2Fmedia&parent=4656"}],"wp:term":[{"taxonomy":"category","embeddable":true,"href":"https:\/\/stanetdam.com\/index.php?rest_route=%2Fwp%2Fv2%2Fcategories&post=4656"},{"taxonomy":"post_tag","embeddable":true,"href":"https:\/\/stanetdam.com\/index.php?rest_route=%2Fwp%2Fv2%2Ftags&post=4656"}],"curies":[{"name":"wp","href":"https:\/\/api.w.org\/{rel}","templated":true}]}}