{"id":4655,"date":"2009-10-12T23:59:53","date_gmt":"2009-10-12T21:59:53","guid":{"rendered":"http:\/\/www.stanetdam.com\/moi-mon-papa-il-est-president\/"},"modified":"2009-10-12T23:59:53","modified_gmt":"2009-10-12T21:59:53","slug":"moi-mon-papa-il-est-president","status":"publish","type":"post","link":"https:\/\/stanetdam.com\/?p=4655","title":{"rendered":"Moi, mon Papa, il est Pr\u00e9sident"},"content":{"rendered":"<p>Stan&amp;Dam vous propose d\u00e9sormais de suivre leur lifestream. Il s\u2019agit de mettre en avant des informations int\u00e9ressantes vues sur le web, et de les faire partager \u00e0 la communaut\u00e9 du site S&amp;D. Stan a remarqu\u00e9 dans ses flux RSS le sujet suivant :<\/p>\n<p><span><\/p>\n<p> Voici la une du Lib\u00e9 de demain matin (merci @H\u00e9dia). C&#39;est ENORME ! Et si vous \u00eates contre la nomination de Monsieur Fils, vous pouvez aussi signer la p\u00e9tition ICI , qui dit cela : A l&#39;attention de : Jean Sarkozy, conseiller g\u00e9n\u00e9ral des Hauts-de-Seine Jean Sarkozy, renoncez \u00e0 postuler au poste de pr\u00e9sident de l&#39;EPAD. L&#39;Etablissement public d&#39;am\u00e9nagement de La D\u00e9fense g\u00e8re un territoire qui regroupe des centaines d&#39;entreprises employant sur place 150.000 salari\u00e9s. <\/p>\n<p><\/span><br \/>\nLire l&rsquo;article original ici:<br \/>\n<a target=\"_blank\" href=\"http:\/\/feedproxy.google.com\/~r\/typepad\/QQOx\/~3\/WFkfgFkjiko\/moi-mon-papa-il-est-prA9sident.html\" title=\"Moi, mon Papa, il est Pr\u00e9sident\" rel=\"noopener noreferrer\">Moi, mon Papa, il est Pr\u00e9sident<\/a><\/p>\n<div id=\"themify_builder_content-4655\" data-postid=\"4655\" class=\"themify_builder_content themify_builder_content-4655 themify_builder\">\n    <\/div>\n<!-- \/themify_builder_content -->\n","protected":false},"excerpt":{"rendered":"<p> Voici la une du Lib\u00e9 de demain matin (merci @H\u00e9dia). C&#39;est ENORME ! Et si vous \u00eates contre la nomination de Monsieur Fils, vous pouvez aussi signer la p\u00e9tition ICI , qui dit cela : A l&#39;attention de : Jean Sarkozy, conseiller g\u00e9n\u00e9ral des Hauts-de-Seine Jean Sarkozy, renoncez \u00e0 postuler au poste de pr\u00e9sident de l&#39;EPAD. L&#39;Etablissement public d&#39;am\u00e9nagement de La D\u00e9fense g\u00e8re un territoire qui regroupe des centaines d&#39;entreprises employant sur place 150.000 salari\u00e9s. <\/p>\n","protected":false},"author":2,"featured_media":0,"comment_status":"open","ping_status":"open","sticky":false,"template":"","format":"standard","meta":{"footnotes":""},"categories":[6],"tags":[1589,3591],"class_list":["post-4655","post","type-post","status-publish","format-standard","hentry","category-liens-automatiques","tag-google","tag-stan","has-post-title","has-post-date","has-post-category","has-post-tag","has-post-comment","has-post-author",""],"builder_content":"","_links":{"self":[{"href":"https:\/\/stanetdam.com\/index.php?rest_route=\/wp\/v2\/posts\/4655","targetHints":{"allow":["GET"]}}],"collection":[{"href":"https:\/\/stanetdam.com\/index.php?rest_route=\/wp\/v2\/posts"}],"about":[{"href":"https:\/\/stanetdam.com\/index.php?rest_route=\/wp\/v2\/types\/post"}],"author":[{"embeddable":true,"href":"https:\/\/stanetdam.com\/index.php?rest_route=\/wp\/v2\/users\/2"}],"replies":[{"embeddable":true,"href":"https:\/\/stanetdam.com\/index.php?rest_route=%2Fwp%2Fv2%2Fcomments&post=4655"}],"version-history":[{"count":0,"href":"https:\/\/stanetdam.com\/index.php?rest_route=\/wp\/v2\/posts\/4655\/revisions"}],"wp:attachment":[{"href":"https:\/\/stanetdam.com\/index.php?rest_route=%2Fwp%2Fv2%2Fmedia&parent=4655"}],"wp:term":[{"taxonomy":"category","embeddable":true,"href":"https:\/\/stanetdam.com\/index.php?rest_route=%2Fwp%2Fv2%2Fcategories&post=4655"},{"taxonomy":"post_tag","embeddable":true,"href":"https:\/\/stanetdam.com\/index.php?rest_route=%2Fwp%2Fv2%2Ftags&post=4655"}],"curies":[{"name":"wp","href":"https:\/\/api.w.org\/{rel}","templated":true}]}}