{"id":4577,"date":"2009-09-30T06:16:08","date_gmt":"2009-09-30T04:16:08","guid":{"rendered":"http:\/\/www.stanetdam.com\/le-mal-etre-chez-france-x-telecom-et-le-syndrome-du-%e2%80%98call-center%e2%80%99%e2%80%a6\/"},"modified":"2009-09-30T06:16:08","modified_gmt":"2009-09-30T04:16:08","slug":"le-mal-etre-chez-france-x-telecom-et-le-syndrome-du-call-center","status":"publish","type":"post","link":"https:\/\/stanetdam.com\/?p=4577","title":{"rendered":"Le mal-\u00eatre chez France X-T\u00e9l\u00e9com et le syndrome du \u2018call center\u2019\u2026"},"content":{"rendered":"<p>Stan&amp;Dam vous propose d\u00e9sormais de suivre leur lifestream. Il s\u2019agit de mettre en avant des informations int\u00e9ressantes vues sur le web, et de les faire partager \u00e0 la communaut\u00e9 du site S&amp;D. Stan a remarqu\u00e9 dans ses flux RSS le sujet suivant :<\/p>\n<p><span><\/p>\n<p> Le top-management de France T\u00e9l\u00e9com est dans la tourmente. L\u2019opposition, PS en t\u00eate, demande la d\u00e9mission de Didier Lombard. Et m\u00eame au sein de l\u2019UMP, on s\u2019interroge (cf Le quotidien Les Echos) sur un n\u00e9cessaire changement de gouvernance. <\/p>\n<p><\/span><br \/>\nLire l&rsquo;article original ici:<br \/>\n<a target=\"_blank\" href=\"http:\/\/feedproxy.google.com\/~r\/inquirerFRRss\/~3\/vj_FKMQF7KM\/story01.htm\" title=\"Le mal-\u00eatre chez France X-T\u00e9l\u00e9com et le syndrome du \u2018call center\u2019\u2026\" rel=\"noopener noreferrer\">Le mal-\u00eatre chez France X-T\u00e9l\u00e9com et le syndrome du \u2018call center\u2019\u2026<\/a><\/p>\n<div id=\"themify_builder_content-4577\" data-postid=\"4577\" class=\"themify_builder_content themify_builder_content-4577 themify_builder\">\n    <\/div>\n<!-- \/themify_builder_content -->\n","protected":false},"excerpt":{"rendered":"<p> Le top-management de France T\u00e9l\u00e9com est dans la tourmente. L\u2019opposition, PS en t\u00eate, demande la d\u00e9mission de Didier Lombard. Et m\u00eame au sein de l\u2019UMP, on s\u2019interroge (cf Le quotidien Les Echos) sur un n\u00e9cessaire changement de gouvernance. <\/p>\n","protected":false},"author":2,"featured_media":0,"comment_status":"open","ping_status":"open","sticky":false,"template":"","format":"standard","meta":{"footnotes":""},"categories":[6],"tags":[1589,2222,3192,3591],"class_list":["post-4577","post","type-post","status-publish","format-standard","hentry","category-liens-automatiques","tag-google","tag-lifestream","tag-reader","tag-stan","has-post-title","has-post-date","has-post-category","has-post-tag","has-post-comment","has-post-author",""],"builder_content":"","_links":{"self":[{"href":"https:\/\/stanetdam.com\/index.php?rest_route=\/wp\/v2\/posts\/4577","targetHints":{"allow":["GET"]}}],"collection":[{"href":"https:\/\/stanetdam.com\/index.php?rest_route=\/wp\/v2\/posts"}],"about":[{"href":"https:\/\/stanetdam.com\/index.php?rest_route=\/wp\/v2\/types\/post"}],"author":[{"embeddable":true,"href":"https:\/\/stanetdam.com\/index.php?rest_route=\/wp\/v2\/users\/2"}],"replies":[{"embeddable":true,"href":"https:\/\/stanetdam.com\/index.php?rest_route=%2Fwp%2Fv2%2Fcomments&post=4577"}],"version-history":[{"count":0,"href":"https:\/\/stanetdam.com\/index.php?rest_route=\/wp\/v2\/posts\/4577\/revisions"}],"wp:attachment":[{"href":"https:\/\/stanetdam.com\/index.php?rest_route=%2Fwp%2Fv2%2Fmedia&parent=4577"}],"wp:term":[{"taxonomy":"category","embeddable":true,"href":"https:\/\/stanetdam.com\/index.php?rest_route=%2Fwp%2Fv2%2Fcategories&post=4577"},{"taxonomy":"post_tag","embeddable":true,"href":"https:\/\/stanetdam.com\/index.php?rest_route=%2Fwp%2Fv2%2Ftags&post=4577"}],"curies":[{"name":"wp","href":"https:\/\/api.w.org\/{rel}","templated":true}]}}