{"id":4573,"date":"2009-09-29T16:31:20","date_gmt":"2009-09-29T14:31:20","guid":{"rendered":"http:\/\/www.stanetdam.com\/hadopi-une-deputee-suedoise-accuse-la-france-davoir-tente-de-linfluencer-lemonde-fr\/"},"modified":"2009-09-29T16:31:20","modified_gmt":"2009-09-29T14:31:20","slug":"hadopi-une-deputee-suedoise-accuse-la-france-davoir-tente-de-linfluencer-lemonde-fr","status":"publish","type":"post","link":"https:\/\/stanetdam.com\/?p=4573","title":{"rendered":"Hadopi : une d\u00e9put\u00e9e su\u00e9doise accuse la France d&rsquo;avoir tent\u00e9 de l&rsquo;influencer &#8211; LeMonde.fr"},"content":{"rendered":"<p>Stan&amp;Dam vous propose d\u00e9sormais de suivre leur lifestream. Il s\u2019agit de mettre en avant des informations int\u00e9ressantes vues sur le web, et de les faire partager \u00e0 la communaut\u00e9 du site S&amp;D. Stan a remarqu\u00e9 dans ses flux RSS le sujet suivant :<\/p>\n<p><span><\/p>\n<p>Le Monde.fr &#8211; Camilla Lindberg, d\u00e9put\u00e9e su\u00e9doise, a \u00e9t\u00e9 contact\u00e9e par l&rsquo;ambassade de France \u00e0 Stockholm pour \u00e9voquer sa position sur le \u00ab\u00a0paquet t\u00e9l\u00e9com\u00a0\u00bb.<\/p>\n<p><\/span><br \/>\nLire l&rsquo;article original ici:<br \/>\n<a target=\"_blank\" href=\"http:\/\/www.lemonde.fr\/technologies\/article\/2009\/09\/29\/hadopi-une-deputee-suedoise-accuse-la-france-d-avoir-tente-de-l-influencer_1246566_651865.html#ens_id=1232569\" title=\"Hadopi : une d\u00e9put\u00e9e su\u00e9doise accuse la France d&#39;avoir tent\u00e9 de l&#39;influencer - LeMonde.fr\" rel=\"noopener noreferrer\">Hadopi : une d\u00e9put\u00e9e su\u00e9doise accuse la France d&#39;avoir tent\u00e9 de l&#39;influencer &#8211; LeMonde.fr<\/a><\/p>\n<div id=\"themify_builder_content-4573\" data-postid=\"4573\" class=\"themify_builder_content themify_builder_content-4573 themify_builder\">\n    <\/div>\n<!-- \/themify_builder_content -->\n","protected":false},"excerpt":{"rendered":"<p>Le Monde.fr &#8211; Camilla Lindberg, d\u00e9put\u00e9e su\u00e9doise, a \u00e9t\u00e9 contact\u00e9e par l&rsquo;ambassade de France \u00e0 Stockholm pour \u00e9voquer sa position sur le \u00ab\u00a0paquet t\u00e9l\u00e9com\u00a0\u00bb.<\/p>\n","protected":false},"author":2,"featured_media":0,"comment_status":"open","ping_status":"open","sticky":false,"template":"","format":"standard","meta":{"footnotes":""},"categories":[6],"tags":[1589,1617,2222,3192,3591],"class_list":["post-4573","post","type-post","status-publish","format-standard","hentry","category-liens-automatiques","tag-google","tag-google-reader","tag-lifestream","tag-reader","tag-stan","has-post-title","has-post-date","has-post-category","has-post-tag","has-post-comment","has-post-author",""],"builder_content":"","_links":{"self":[{"href":"https:\/\/stanetdam.com\/index.php?rest_route=\/wp\/v2\/posts\/4573","targetHints":{"allow":["GET"]}}],"collection":[{"href":"https:\/\/stanetdam.com\/index.php?rest_route=\/wp\/v2\/posts"}],"about":[{"href":"https:\/\/stanetdam.com\/index.php?rest_route=\/wp\/v2\/types\/post"}],"author":[{"embeddable":true,"href":"https:\/\/stanetdam.com\/index.php?rest_route=\/wp\/v2\/users\/2"}],"replies":[{"embeddable":true,"href":"https:\/\/stanetdam.com\/index.php?rest_route=%2Fwp%2Fv2%2Fcomments&post=4573"}],"version-history":[{"count":0,"href":"https:\/\/stanetdam.com\/index.php?rest_route=\/wp\/v2\/posts\/4573\/revisions"}],"wp:attachment":[{"href":"https:\/\/stanetdam.com\/index.php?rest_route=%2Fwp%2Fv2%2Fmedia&parent=4573"}],"wp:term":[{"taxonomy":"category","embeddable":true,"href":"https:\/\/stanetdam.com\/index.php?rest_route=%2Fwp%2Fv2%2Fcategories&post=4573"},{"taxonomy":"post_tag","embeddable":true,"href":"https:\/\/stanetdam.com\/index.php?rest_route=%2Fwp%2Fv2%2Ftags&post=4573"}],"curies":[{"name":"wp","href":"https:\/\/api.w.org\/{rel}","templated":true}]}}