{"id":4561,"date":"2009-09-25T13:03:35","date_gmt":"2009-09-25T11:03:35","guid":{"rendered":"http:\/\/www.stanetdam.com\/bras-de-fer-entre-france-telecom-et-lelysee-sur-la-fibre-optique-les-echos\/"},"modified":"2009-09-25T13:03:35","modified_gmt":"2009-09-25T11:03:35","slug":"bras-de-fer-entre-france-telecom-et-lelysee-sur-la-fibre-optique-les-echos","status":"publish","type":"post","link":"https:\/\/stanetdam.com\/?p=4561","title":{"rendered":"Bras de fer entre France T\u00e9l\u00e9com et l&rsquo;Elys\u00e9e sur la fibre optique &#8211; Les Echos"},"content":{"rendered":"<p>Stan&amp;Dam vous propose d\u00e9sormais de suivre leur lifestream. Il s\u2019agit de mettre en avant des informations int\u00e9ressantes vues sur le web, et de les faire partager \u00e0 la communaut\u00e9 du site S&amp;D. Stan a remarqu\u00e9 dans ses flux RSS le sujet suivant :<\/p>\n<p><span><\/p>\n<p>Bras de fer entre France T\u00e9l\u00e9com et l&rsquo;Elys\u00e9e sur la fibre optique &#8211; High-Tech FRANCE TELECOM OPERATEUR DE TELECOMMUNICATIONS<\/p>\n<p><\/span><br \/>\nLire l&rsquo;article original ici:<br \/>\n<a target=\"_blank\" href=\"http:\/\/www.lesechos.fr\/info\/hightec\/020148539588.htm\" title=\"Bras de fer entre France T\u00e9l\u00e9com et l&#39;Elys\u00e9e sur la fibre optique - Les Echos\" rel=\"noopener noreferrer\">Bras de fer entre France T\u00e9l\u00e9com et l&#39;Elys\u00e9e sur la fibre optique &#8211; Les Echos<\/a><\/p>\n<div id=\"themify_builder_content-4561\" data-postid=\"4561\" class=\"themify_builder_content themify_builder_content-4561 themify_builder\">\n    <\/div>\n<!-- \/themify_builder_content -->\n","protected":false},"excerpt":{"rendered":"<p>Bras de fer entre France T\u00e9l\u00e9com et l&rsquo;Elys\u00e9e sur la fibre optique &#8211; High-Tech FRANCE TELECOM OPERATEUR DE TELECOMMUNICATIONS<\/p>\n","protected":false},"author":2,"featured_media":0,"comment_status":"open","ping_status":"open","sticky":false,"template":"","format":"standard","meta":{"footnotes":""},"categories":[6],"tags":[1589,1617,2222,3192,3591,4015],"class_list":["post-4561","post","type-post","status-publish","format-standard","hentry","category-liens-automatiques","tag-google","tag-google-reader","tag-lifestream","tag-reader","tag-stan","tag-veille","has-post-title","has-post-date","has-post-category","has-post-tag","has-post-comment","has-post-author",""],"builder_content":"","_links":{"self":[{"href":"https:\/\/stanetdam.com\/index.php?rest_route=\/wp\/v2\/posts\/4561","targetHints":{"allow":["GET"]}}],"collection":[{"href":"https:\/\/stanetdam.com\/index.php?rest_route=\/wp\/v2\/posts"}],"about":[{"href":"https:\/\/stanetdam.com\/index.php?rest_route=\/wp\/v2\/types\/post"}],"author":[{"embeddable":true,"href":"https:\/\/stanetdam.com\/index.php?rest_route=\/wp\/v2\/users\/2"}],"replies":[{"embeddable":true,"href":"https:\/\/stanetdam.com\/index.php?rest_route=%2Fwp%2Fv2%2Fcomments&post=4561"}],"version-history":[{"count":0,"href":"https:\/\/stanetdam.com\/index.php?rest_route=\/wp\/v2\/posts\/4561\/revisions"}],"wp:attachment":[{"href":"https:\/\/stanetdam.com\/index.php?rest_route=%2Fwp%2Fv2%2Fmedia&parent=4561"}],"wp:term":[{"taxonomy":"category","embeddable":true,"href":"https:\/\/stanetdam.com\/index.php?rest_route=%2Fwp%2Fv2%2Fcategories&post=4561"},{"taxonomy":"post_tag","embeddable":true,"href":"https:\/\/stanetdam.com\/index.php?rest_route=%2Fwp%2Fv2%2Ftags&post=4561"}],"curies":[{"name":"wp","href":"https:\/\/api.w.org\/{rel}","templated":true}]}}