{"id":4547,"date":"2009-09-23T15:40:44","date_gmt":"2009-09-23T13:40:44","guid":{"rendered":"http:\/\/www.stanetdam.com\/intel-devoile-le-tangent-bay-un-concept-de-portable-qui-fait-rever%e2%80%a6\/"},"modified":"2009-09-23T15:40:44","modified_gmt":"2009-09-23T13:40:44","slug":"intel-devoile-le-tangent-bay-un-concept-de-portable-qui-fait-rever","status":"publish","type":"post","link":"https:\/\/stanetdam.com\/?p=4547","title":{"rendered":"Intel d\u00e9voile le Tangent Bay, un concept de portable qui fait r\u00eaver\u2026"},"content":{"rendered":"<p>Stan&amp;Dam vous propose d\u00e9sormais de suivre leur lifestream. Il s\u2019agit de mettre en avant des informations int\u00e9ressantes vues sur le web, et de les faire partager \u00e0 la communaut\u00e9 du site S&amp;D. Stan a remarqu\u00e9 dans ses flux RSS le sujet suivant :<\/p>\n<p><span><\/p>\n<p> Il fait r\u00eaver ce concept de portable, puisqu\u2019il est dot\u00e9 de 3 \u00e9crans OLED tactiles multi-touch, vous permettant de \u201cg\u00e9rer\u201d l\u2019affichage de l\u2019\u00e9cran principal. Perplexes ? Une petite vid\u00e9o devrait aider \u00e0 vous convaincre : via gizmodo Partager : Tags: Intel , Portables , prototype , Tangent Bay Sur le m\u00eame sujet : Un peu plus d\u2019infos sur le netbook de Sony (9) On peut d\u00e9sormais utiliser le terme netbook sans crainte (d\u2019un proc\u00e8s ?) (7) La batterie de votre portable dira merci \u00e0 Windows 7 (12) Bient\u00f4t 11,6? pour les AspireOne d\u2019Acer ? (4) Acer Travelmate 6460 (0) <\/p>\n<p><\/span><br \/>\nLire l&rsquo;article original ici:<br \/>\n<a target=\"_blank\" href=\"http:\/\/feedproxy.google.com\/~r\/LeJournalDuGeek\/~3\/cTskGovRMMQ\/\" title=\"Intel d\u00e9voile le Tangent Bay, un concept de portable qui fait r\u00eaver\u2026\" rel=\"noopener noreferrer\">Intel d\u00e9voile le Tangent Bay, un concept de portable qui fait r\u00eaver\u2026<\/a><\/p>\n<div id=\"themify_builder_content-4547\" data-postid=\"4547\" class=\"themify_builder_content themify_builder_content-4547 themify_builder\">\n    <\/div>\n<!-- \/themify_builder_content -->\n","protected":false},"excerpt":{"rendered":"<p> Il fait r\u00eaver ce concept de portable, puisqu\u2019il est dot\u00e9 de 3 \u00e9crans OLED tactiles multi-touch, vous permettant de \u201cg\u00e9rer\u201d l\u2019affichage de l\u2019\u00e9cran principal. Perplexes ? Une petite vid\u00e9o devrait aider \u00e0 vous convaincre : via gizmodo Partager : Tags: Intel , Portables , prototype , Tangent Bay Sur le m\u00eame sujet : Un peu plus d\u2019infos sur le netbook de Sony (9) On peut d\u00e9sormais utiliser le terme netbook sans crainte (d\u2019un proc\u00e8s ?) (7) La batterie de votre portable dira merci \u00e0 Windows 7 (12) Bient\u00f4t 11,6? pour les AspireOne d\u2019Acer ? (4) Acer Travelmate 6460 (0) <\/p>\n","protected":false},"author":2,"featured_media":0,"comment_status":"open","ping_status":"open","sticky":false,"template":"","format":"standard","meta":{"footnotes":""},"categories":[6],"tags":[2222,3192],"class_list":["post-4547","post","type-post","status-publish","format-standard","hentry","category-liens-automatiques","tag-lifestream","tag-reader","has-post-title","has-post-date","has-post-category","has-post-tag","has-post-comment","has-post-author",""],"builder_content":"","_links":{"self":[{"href":"https:\/\/stanetdam.com\/index.php?rest_route=\/wp\/v2\/posts\/4547","targetHints":{"allow":["GET"]}}],"collection":[{"href":"https:\/\/stanetdam.com\/index.php?rest_route=\/wp\/v2\/posts"}],"about":[{"href":"https:\/\/stanetdam.com\/index.php?rest_route=\/wp\/v2\/types\/post"}],"author":[{"embeddable":true,"href":"https:\/\/stanetdam.com\/index.php?rest_route=\/wp\/v2\/users\/2"}],"replies":[{"embeddable":true,"href":"https:\/\/stanetdam.com\/index.php?rest_route=%2Fwp%2Fv2%2Fcomments&post=4547"}],"version-history":[{"count":0,"href":"https:\/\/stanetdam.com\/index.php?rest_route=\/wp\/v2\/posts\/4547\/revisions"}],"wp:attachment":[{"href":"https:\/\/stanetdam.com\/index.php?rest_route=%2Fwp%2Fv2%2Fmedia&parent=4547"}],"wp:term":[{"taxonomy":"category","embeddable":true,"href":"https:\/\/stanetdam.com\/index.php?rest_route=%2Fwp%2Fv2%2Fcategories&post=4547"},{"taxonomy":"post_tag","embeddable":true,"href":"https:\/\/stanetdam.com\/index.php?rest_route=%2Fwp%2Fv2%2Ftags&post=4547"}],"curies":[{"name":"wp","href":"https:\/\/api.w.org\/{rel}","templated":true}]}}