{"id":4531,"date":"2009-09-22T14:55:52","date_gmt":"2009-09-22T12:55:52","guid":{"rendered":"http:\/\/www.stanetdam.com\/linux-%e2%80%9ceffrayant%e2%80%9d\/"},"modified":"2009-09-22T14:55:52","modified_gmt":"2009-09-22T12:55:52","slug":"linux-effrayant","status":"publish","type":"post","link":"https:\/\/stanetdam.com\/?p=4531","title":{"rendered":"Linux, \u201ceffrayant\u201d ?"},"content":{"rendered":"<p>Stan&amp;Dam vous propose d\u00e9sormais de suivre leur lifestream. Il s\u2019agit de mettre en avant des informations int\u00e9ressantes vues sur le web, et de les faire partager \u00e0 la communaut\u00e9 du site S&amp;D. Stan a remarqu\u00e9 dans ses flux RSS le sujet suivant :<\/p>\n<p><span><\/p>\n<p> C\u2019est en tout cas ce qu\u2019\u00e0 affirm\u00e9 tr\u00e8s s\u00e9rieusement Linus Torvalds , un informaticien originaire de la Finlande, et accessoirement co-fondateur du noyau Linux ,lors de la conf\u00e9rence LinuxCon qui s\u2019est d\u00e9roul\u00e9e il y a peu de temps \u00e0 Portland (Oregon) : \u201c Linux est d\u00e9sormais \u00e9norme et effrayant Nous n\u2019avons pas le noyau hyper l\u00e9ger et hyper efficace que j\u2019avais envisag\u00e9 lorsque j\u2019ai commenc\u00e9 \u00e0 d\u00e9velopper l\u2019 OS \u201d A cause peut-\u00eatre des (trop) nombreuses distributions ? <\/p>\n<p><\/span><br \/>\nLire l&rsquo;article original ici:<br \/>\n<a target=\"_blank\" href=\"http:\/\/feedproxy.google.com\/~r\/LeJournalDuGeek\/~3\/blc0o2H4oYU\/\" title=\"Linux, \u201ceffrayant\u201d ?\" rel=\"noopener noreferrer\">Linux, \u201ceffrayant\u201d ?<\/a><\/p>\n<div id=\"themify_builder_content-4531\" data-postid=\"4531\" class=\"themify_builder_content themify_builder_content-4531 themify_builder\">\n    <\/div>\n<!-- \/themify_builder_content -->\n","protected":false},"excerpt":{"rendered":"<p> C\u2019est en tout cas ce qu\u2019\u00e0 affirm\u00e9 tr\u00e8s s\u00e9rieusement Linus Torvalds , un informaticien originaire de la Finlande, et accessoirement co-fondateur du noyau Linux ,lors de la conf\u00e9rence LinuxCon qui s\u2019est d\u00e9roul\u00e9e il y a peu de temps \u00e0 Portland (Oregon) : \u201c Linux est d\u00e9sormais \u00e9norme et effrayant Nous n\u2019avons pas le noyau hyper l\u00e9ger et hyper efficace que j\u2019avais envisag\u00e9 lorsque j\u2019ai commenc\u00e9 \u00e0 d\u00e9velopper l\u2019 OS \u201d A cause peut-\u00eatre des (trop) nombreuses distributions ? <\/p>\n","protected":false},"author":2,"featured_media":0,"comment_status":"open","ping_status":"open","sticky":false,"template":"","format":"standard","meta":{"footnotes":""},"categories":[6],"tags":[1617,2222,3192,3591],"class_list":["post-4531","post","type-post","status-publish","format-standard","hentry","category-liens-automatiques","tag-google-reader","tag-lifestream","tag-reader","tag-stan","has-post-title","has-post-date","has-post-category","has-post-tag","has-post-comment","has-post-author",""],"builder_content":"","_links":{"self":[{"href":"https:\/\/stanetdam.com\/index.php?rest_route=\/wp\/v2\/posts\/4531","targetHints":{"allow":["GET"]}}],"collection":[{"href":"https:\/\/stanetdam.com\/index.php?rest_route=\/wp\/v2\/posts"}],"about":[{"href":"https:\/\/stanetdam.com\/index.php?rest_route=\/wp\/v2\/types\/post"}],"author":[{"embeddable":true,"href":"https:\/\/stanetdam.com\/index.php?rest_route=\/wp\/v2\/users\/2"}],"replies":[{"embeddable":true,"href":"https:\/\/stanetdam.com\/index.php?rest_route=%2Fwp%2Fv2%2Fcomments&post=4531"}],"version-history":[{"count":0,"href":"https:\/\/stanetdam.com\/index.php?rest_route=\/wp\/v2\/posts\/4531\/revisions"}],"wp:attachment":[{"href":"https:\/\/stanetdam.com\/index.php?rest_route=%2Fwp%2Fv2%2Fmedia&parent=4531"}],"wp:term":[{"taxonomy":"category","embeddable":true,"href":"https:\/\/stanetdam.com\/index.php?rest_route=%2Fwp%2Fv2%2Fcategories&post=4531"},{"taxonomy":"post_tag","embeddable":true,"href":"https:\/\/stanetdam.com\/index.php?rest_route=%2Fwp%2Fv2%2Ftags&post=4531"}],"curies":[{"name":"wp","href":"https:\/\/api.w.org\/{rel}","templated":true}]}}