{"id":4530,"date":"2009-09-22T14:28:15","date_gmt":"2009-09-22T12:28:15","guid":{"rendered":"http:\/\/www.stanetdam.com\/mobile-umid-le-m2-pour-la-fin-de-l%e2%80%99annee\/"},"modified":"2009-09-22T14:28:15","modified_gmt":"2009-09-22T12:28:15","slug":"mobile-umid-le-m2-pour-la-fin-de-lannee","status":"publish","type":"post","link":"https:\/\/stanetdam.com\/?p=4530","title":{"rendered":"[Mobile] UMID : le M2 pour la fin de l\u2019ann\u00e9e"},"content":{"rendered":"<p>Stan&amp;Dam vous propose d\u00e9sormais de suivre leur lifestream. Il s\u2019agit de mettre en avant des informations int\u00e9ressantes vues sur le web, et de les faire partager \u00e0 la communaut\u00e9 du site S&amp;D. Stan a remarqu\u00e9 dans ses flux RSS le sujet suivant :<\/p>\n<p><span><\/p>\n<p> Apr\u00e8s le M1, vient logiquement pour UMID le\u2026 M2 , mais oui, qu\u2019on peut voir en\u00a0 prototype \u00a0ci-dessous (il y a m\u00eame une vid\u00e9o de l\u2019engin dans la suite de cette d\u00e9p\u00eache). On pourra choisir un processeur Atom cadenc\u00e9 \u00e0 1,2 ou 1,6 Ghz. Le M2 embarquera 1 Go de RAM, contre 512 Mo pour son pr\u00e9d\u00e9cesseur. <\/p>\n<p><\/span><br \/>\nLire l&rsquo;article original ici:<br \/>\n<a target=\"_blank\" href=\"http:\/\/feedproxy.google.com\/~r\/generationmp3\/~3\/iqcRgazBXhg\/\" title=\"[Mobile] UMID : le M2 pour la fin de l\u2019ann\u00e9e\" rel=\"noopener noreferrer\">[Mobile] UMID : le M2 pour la fin de l\u2019ann\u00e9e<\/a><\/p>\n<div id=\"themify_builder_content-4530\" data-postid=\"4530\" class=\"themify_builder_content themify_builder_content-4530 themify_builder\">\n    <\/div>\n<!-- \/themify_builder_content -->\n","protected":false},"excerpt":{"rendered":"<p> Apr\u00e8s le M1, vient logiquement pour UMID le\u2026 M2 , mais oui, qu\u2019on peut voir en\u00a0 prototype \u00a0ci-dessous (il y a m\u00eame une vid\u00e9o de l\u2019engin dans la suite de cette d\u00e9p\u00eache). On pourra choisir un processeur Atom cadenc\u00e9 \u00e0 1,2 ou 1,6 Ghz. Le M2 embarquera 1 Go de RAM, contre 512 Mo pour son pr\u00e9d\u00e9cesseur. <\/p>\n","protected":false},"author":2,"featured_media":0,"comment_status":"open","ping_status":"open","sticky":false,"template":"","format":"standard","meta":{"footnotes":""},"categories":[6],"tags":[2222,4015],"class_list":["post-4530","post","type-post","status-publish","format-standard","hentry","category-liens-automatiques","tag-lifestream","tag-veille","has-post-title","has-post-date","has-post-category","has-post-tag","has-post-comment","has-post-author",""],"builder_content":"","_links":{"self":[{"href":"https:\/\/stanetdam.com\/index.php?rest_route=\/wp\/v2\/posts\/4530","targetHints":{"allow":["GET"]}}],"collection":[{"href":"https:\/\/stanetdam.com\/index.php?rest_route=\/wp\/v2\/posts"}],"about":[{"href":"https:\/\/stanetdam.com\/index.php?rest_route=\/wp\/v2\/types\/post"}],"author":[{"embeddable":true,"href":"https:\/\/stanetdam.com\/index.php?rest_route=\/wp\/v2\/users\/2"}],"replies":[{"embeddable":true,"href":"https:\/\/stanetdam.com\/index.php?rest_route=%2Fwp%2Fv2%2Fcomments&post=4530"}],"version-history":[{"count":0,"href":"https:\/\/stanetdam.com\/index.php?rest_route=\/wp\/v2\/posts\/4530\/revisions"}],"wp:attachment":[{"href":"https:\/\/stanetdam.com\/index.php?rest_route=%2Fwp%2Fv2%2Fmedia&parent=4530"}],"wp:term":[{"taxonomy":"category","embeddable":true,"href":"https:\/\/stanetdam.com\/index.php?rest_route=%2Fwp%2Fv2%2Fcategories&post=4530"},{"taxonomy":"post_tag","embeddable":true,"href":"https:\/\/stanetdam.com\/index.php?rest_route=%2Fwp%2Fv2%2Ftags&post=4530"}],"curies":[{"name":"wp","href":"https:\/\/api.w.org\/{rel}","templated":true}]}}