{"id":4516,"date":"2009-09-18T10:55:50","date_gmt":"2009-09-18T08:55:50","guid":{"rendered":"http:\/\/www.stanetdam.com\/qui-a-peur-de-free\/"},"modified":"2009-09-18T10:55:50","modified_gmt":"2009-09-18T08:55:50","slug":"qui-a-peur-de-free","status":"publish","type":"post","link":"https:\/\/stanetdam.com\/?p=4516","title":{"rendered":"\u00ab\u00a0Qui a peur de Free ?\u00a0\u00bb"},"content":{"rendered":"<p>Stan&amp;Dam vous propose d\u00e9sormais de suivre leur lifestream. Il s\u2019agit de mettre en avant des informations int\u00e9ressantes vues sur le web, et de les faire partager \u00e0 la communaut\u00e9 du site S&amp;D. Stan a remarqu\u00e9 dans ses flux RSS le sujet suivant :<\/p>\n<p><span><\/p>\n<p>Soir 3 est revenu en ces termes sur les propos contest\u00e9s du pr\u00e9sident de la R\u00e9publique \u00e0 l&rsquo;\u00e9gard de la quatri\u00e8me licence 3G, mercredi dernier. Un reportage et une interview en plateau font le point sur le statut du potentiel nouvel entrant dans la t\u00e9l\u00e9phonie mobile. Interview\u00e9, Eric Izraelewicz, directeur de La Tribune, d\u00e9clare notamment : \u00ab c&rsquo;est quand m\u00eame assez surprenant de voir que l&rsquo;Etat prend une d\u00e9cision et que l&rsquo;Etat a pris la d\u00e9cision de vendre cette licence, et puis, tout \u00e0 coup, alors que la (&#8230;)<\/p>\n<p><\/span><br \/>\nLire l&rsquo;article original ici:<br \/>\n<a target=\"_blank\" href=\"http:\/\/www.freenews.fr\/spip.php?article7098\" rel=\"noopener noreferrer\">\u00ab\u00a0Qui a peur de Free ?\u00a0\u00bb<\/a><\/p>\n<div id=\"themify_builder_content-4516\" data-postid=\"4516\" class=\"themify_builder_content themify_builder_content-4516 themify_builder\">\n    <\/div>\n<!-- \/themify_builder_content -->\n","protected":false},"excerpt":{"rendered":"<p>Soir 3 est revenu en ces termes sur les propos contest\u00e9s du pr\u00e9sident de la R\u00e9publique \u00e0 l&rsquo;\u00e9gard de la quatri\u00e8me licence 3G, mercredi dernier. Un reportage et une interview en plateau font le point sur le statut du potentiel nouvel entrant dans la t\u00e9l\u00e9phonie mobile. Interview\u00e9, Eric Izraelewicz, directeur de La Tribune, d\u00e9clare notamment : \u00ab c&rsquo;est quand m\u00eame assez surprenant de voir que l&rsquo;Etat prend une d\u00e9cision et que l&rsquo;Etat a pris la d\u00e9cision de vendre cette licence, et puis, tout \u00e0 coup, alors que la (&#8230;)<\/p>\n","protected":false},"author":2,"featured_media":0,"comment_status":"open","ping_status":"open","sticky":false,"template":"","format":"standard","meta":{"footnotes":""},"categories":[6],"tags":[1589,4015],"class_list":["post-4516","post","type-post","status-publish","format-standard","hentry","category-liens-automatiques","tag-google","tag-veille","has-post-title","has-post-date","has-post-category","has-post-tag","has-post-comment","has-post-author",""],"builder_content":"","_links":{"self":[{"href":"https:\/\/stanetdam.com\/index.php?rest_route=\/wp\/v2\/posts\/4516","targetHints":{"allow":["GET"]}}],"collection":[{"href":"https:\/\/stanetdam.com\/index.php?rest_route=\/wp\/v2\/posts"}],"about":[{"href":"https:\/\/stanetdam.com\/index.php?rest_route=\/wp\/v2\/types\/post"}],"author":[{"embeddable":true,"href":"https:\/\/stanetdam.com\/index.php?rest_route=\/wp\/v2\/users\/2"}],"replies":[{"embeddable":true,"href":"https:\/\/stanetdam.com\/index.php?rest_route=%2Fwp%2Fv2%2Fcomments&post=4516"}],"version-history":[{"count":0,"href":"https:\/\/stanetdam.com\/index.php?rest_route=\/wp\/v2\/posts\/4516\/revisions"}],"wp:attachment":[{"href":"https:\/\/stanetdam.com\/index.php?rest_route=%2Fwp%2Fv2%2Fmedia&parent=4516"}],"wp:term":[{"taxonomy":"category","embeddable":true,"href":"https:\/\/stanetdam.com\/index.php?rest_route=%2Fwp%2Fv2%2Fcategories&post=4516"},{"taxonomy":"post_tag","embeddable":true,"href":"https:\/\/stanetdam.com\/index.php?rest_route=%2Fwp%2Fv2%2Ftags&post=4516"}],"curies":[{"name":"wp","href":"https:\/\/api.w.org\/{rel}","templated":true}]}}